{"id":857,"date":"2009-07-07T10:11:42","date_gmt":"2009-07-07T17:11:42","guid":{"rendered":"http:\/\/www2.colef.mx\/elmuro\/?p=857"},"modified":"2009-07-07T10:11:42","modified_gmt":"2009-07-07T17:11:42","slug":"6to-taller-internacional-sobre-reformas-a-la-educacion-superior","status":"publish","type":"post","link":"https:\/\/www.colef.mx\/elmuro\/6to-taller-internacional-sobre-reformas-a-la-educacion-superior\/","title":{"rendered":"6to Taller Internacional sobre Reformas a la Educaci\u00f3n Superior"},"content":{"rendered":"<p><strong>Estado y Mercado en las Reformas de la Educaci\u00f3n Superior:<br \/>\nTendencias, Pol\u00edticas y Experiencias desde la Perspectiva Comparativa<br \/>\n<\/strong><br \/>\nEl 6to Taller Internacional sobre Reformas en la Educaci\u00f3n Superior, organizado por el Centro de Investigaci\u00f3n y de Estudios Avanzados (CINVESTAV), se llevar\u00e1 a cabo en la Ciudad de M\u00e9xico los d\u00edas 9, 10 y 11 de noviembre de 2009. El objetivo del evento es impulsar el debate y el intercambio de experiencias de investigaci\u00f3n y al mismo tiempo constituir un espacio de contacto y ampliaci\u00f3n de las redes que los expertos en educaci\u00f3n superior de diversas partes del mundo nos hemos empe\u00f1ado en desarrollar.<br \/>\n<!--more--><br \/>\nEl Taller estar\u00e1 enfocado a los cambios y reformas pol\u00edticas recientes relacionadas con el rol del Estado y la creciente importancia del mercado en la educaci\u00f3n superior.<\/p>\n<p>Algunos otros t\u00f3picos que se explorar\u00e1n son los siguientes:<br \/>\nPerspectivas te\u00f3ricas sobre los cambios en los mercados y los roles del Estado en la educaci\u00f3n superior.<br \/>\nLos nuevos marcos regulatorios y las pol\u00edticas relacionadas con el sector privado.<br \/>\nLas relaciones entre los sectores p\u00fablico y privado.<br \/>\nLa diversidad en las estructuras, ofertas, formas de distribuci\u00f3n y la calidad en el sector privado.<br \/>\nSegmentaci\u00f3n del mercado educativo y diferenciaci\u00f3n del prestigio, calidad y clientela.<br \/>\nMecanismos de mercado y cuasi-mercado en la administraci\u00f3n de los sistemas e instituciones de educaci\u00f3n superior.<br \/>\nNuevas formas de auto regulaci\u00f3n del mercado y estructuras de redes.<br \/>\nAutonom\u00eda del gobierno y finanzas en las instituciones p\u00fablicas y privadas.<\/p>\n<p>Para m\u00e1s informaci\u00f3n acerca del evento, de la convocatoria para propuestas, fechas l\u00edmites por favor consulte el sitio de Internet del CINVESTAV:<a href=\"http:\/\/www.cinvestav.mx\/die\/her\">http:\/\/www.cinvestav.mx\/die\/her<\/a><\/p>\n<p>Para preguntas espec\u00edficas por favor contacte a:<\/p>\n<p>Germ\u00e1n \u00c1lvarez Mendiola<br \/>\nProfesor, Centro de Investigaci\u00f3n y de Estudios Avanzados<br \/>\nPresidente del 6o. Taller Internacional en Reformas a la Educaci\u00f3n Superior<br \/>\n<a href=\"mailto:galvare@cinvestav.mx\">galvare@cinvestav.mx<\/a><\/p>\n","protected":false},"excerpt":{"rendered":"<p>Estado y Mercado en las Reformas de la Educaci\u00f3n Superior: Tendencias, Pol\u00edticas y Experiencias desde la Perspectiva Comparativa El 6to Taller Internacional sobre Reformas en la Educaci\u00f3n Superior, organizado por el Centro de Investigaci\u00f3n y de Estudios Avanzados (CINVESTAV), se llevar\u00e1 a cabo en la Ciudad de M\u00e9xico los d\u00edas 9, 10 y 11 de [&hellip;]<\/p>\n","protected":false},"author":8,"featured_media":0,"comment_status":"closed","ping_status":"closed","sticky":false,"template":"","format":"standard","meta":{"_acf_changed":false,"footnotes":""},"categories":[1,64],"tags":[],"class_list":["post-857","post","type-post","status-publish","format-standard","hentry","category-avisosyconvocatorias","category-convocatorias-nacionales"],"acf":[],"_links":{"self":[{"href":"https:\/\/www.colef.mx\/elmuro\/wp-json\/wp\/v2\/posts\/857"}],"collection":[{"href":"https:\/\/www.colef.mx\/elmuro\/wp-json\/wp\/v2\/posts"}],"about":[{"href":"https:\/\/www.colef.mx\/elmuro\/wp-json\/wp\/v2\/types\/post"}],"author":[{"embeddable":true,"href":"https:\/\/www.colef.mx\/elmuro\/wp-json\/wp\/v2\/users\/8"}],"replies":[{"embeddable":true,"href":"https:\/\/www.colef.mx\/elmuro\/wp-json\/wp\/v2\/comments?post=857"}],"version-history":[{"count":0,"href":"https:\/\/www.colef.mx\/elmuro\/wp-json\/wp\/v2\/posts\/857\/revisions"}],"wp:attachment":[{"href":"https:\/\/www.colef.mx\/elmuro\/wp-json\/wp\/v2\/media?parent=857"}],"wp:term":[{"taxonomy":"category","embeddable":true,"href":"https:\/\/www.colef.mx\/elmuro\/wp-json\/wp\/v2\/categories?post=857"},{"taxonomy":"post_tag","embeddable":true,"href":"https:\/\/www.colef.mx\/elmuro\/wp-json\/wp\/v2\/tags?post=857"}],"curies":[{"name":"wp","href":"https:\/\/api.w.org\/{rel}","templated":true}]}}