{"id":855,"date":"2009-07-07T10:10:18","date_gmt":"2009-07-07T17:10:18","guid":{"rendered":"http:\/\/www2.colef.mx\/elmuro\/?p=855"},"modified":"2009-07-07T10:10:18","modified_gmt":"2009-07-07T17:10:18","slug":"2%c2%b0-premio-unicef-2009-%e2%80%9clos-derechos-de-la-ninez-y-la-adolescencia-en-mexico%e2%80%9d","status":"publish","type":"post","link":"https:\/\/www.colef.mx\/elmuro\/2%c2%b0-premio-unicef-2009-%e2%80%9clos-derechos-de-la-ninez-y-la-adolescencia-en-mexico%e2%80%9d\/","title":{"rendered":"2\u00b0 Premio UNICEF 2009, \u201cLos derechos  de la ni\u00f1ez y la adolescencia en M\u00e9xico\u201d"},"content":{"rendered":"<p>A continuaci\u00f3n les env\u00edo informaci\u00f3n de la UNICEF M\u00e9xico.<\/p>\n<p>UNICEF M\u00e9xico y su Consejo Consultivo, convocan al 2\u00b0 Premio UNICEF 2009, \u201cLos derechos\u00a0 de la ni\u00f1ez y la adolescencia en M\u00e9xico\u201d, cuyo objetivo es reconocer los mejores trabajos de investigaci\u00f3n y las mejores practicas que se han realizado en torno a la protecci\u00f3n y promoci\u00f3n de los ni\u00f1os, ni\u00f1as y adolescentes del pa\u00eds.<\/p>\n<p>El premio contempla dos categor\u00edas:<\/p>\n<p>Mejor Investigaci\u00f3n. Se reconocer\u00e1n los mejores trabajos de investigaci\u00f3n que contemplen los derechos de la ni\u00f1ez y la adolescencia\u00a0 en M\u00e9xico, as\u00ed como su grado de cumplimiento.<br \/>\nMejores Pr\u00e1cticas.- Se distinguir\u00e1n las mejores metodolog\u00edas de trabajo en materia de derechos de la infancia que hayan sido implementados por organizaciones de la sociedad civil residentes en M\u00e9xico.<\/p>\n<p><!--more--><br \/>\nEl Premio que otorgar\u00e1 la UNICEF consiste en:<\/p>\n<p>1\u00b0 Lugar: $ 100,000 pesos<br \/>\n2\u00b0 Lugar: $ 75,000 pesos<br \/>\n3\u00b0 Lugar: $ 50,000 pesos<\/p>\n<p>La fecha\u00a0 l\u00edmite de recepci\u00f3n ser\u00e1 el d\u00eda 31 de agosto de 2009, por lo que los trabajos deber\u00e1n ser enviados o entregados en la sede de UNICEF M\u00e9xico, Paseo de la Reforma No. 645, Col. Lomas de Chapultepec, C.P. 11000, Delegaci\u00f3n Miguel Hidalgo, M\u00e9xico, Distrito Federal; con atenci\u00f3n al Premio UNICEF M\u00e9xico, 2009.<\/p>\n<p>Para conocer a detalle las bases de convocatoria se les exhorta a que consulten, el portal <a href=\"http:\/\/www.unicef.org\/M\u00e9xico\">www.unicef.org\/M\u00e9xico<\/a>, o enviando un correo electr\u00f3nico a premiomexico@unicef.org, o llamando al 01 800 831 18 03.<\/p>\n<p>Mayores informes:<br \/>\nRosa Maria Ruiz Figueroa<br \/>\nCoordinaci\u00f3n de Relaciones con Egresados<br \/>\nTel: 55 59 04 26 ext.112<br \/>\nCorreo electr\u00f3nico: <a href=\"mailto:rmruiz@fondocolmex.org.mx \">rmruiz@fondocolmex.org.mx <\/a><\/p>\n","protected":false},"excerpt":{"rendered":"<p>A continuaci\u00f3n les env\u00edo informaci\u00f3n de la UNICEF M\u00e9xico. UNICEF M\u00e9xico y su Consejo Consultivo, convocan al 2\u00b0 Premio UNICEF 2009, \u201cLos derechos\u00a0 de la ni\u00f1ez y la adolescencia en M\u00e9xico\u201d, cuyo objetivo es reconocer los mejores trabajos de investigaci\u00f3n y las mejores practicas que se han realizado en torno a la protecci\u00f3n y promoci\u00f3n [&hellip;]<\/p>\n","protected":false},"author":8,"featured_media":0,"comment_status":"closed","ping_status":"closed","sticky":false,"template":"","format":"standard","meta":{"_acf_changed":false,"footnotes":""},"categories":[1,64],"tags":[],"class_list":["post-855","post","type-post","status-publish","format-standard","hentry","category-avisosyconvocatorias","category-convocatorias-nacionales"],"acf":[],"_links":{"self":[{"href":"https:\/\/www.colef.mx\/elmuro\/wp-json\/wp\/v2\/posts\/855"}],"collection":[{"href":"https:\/\/www.colef.mx\/elmuro\/wp-json\/wp\/v2\/posts"}],"about":[{"href":"https:\/\/www.colef.mx\/elmuro\/wp-json\/wp\/v2\/types\/post"}],"author":[{"embeddable":true,"href":"https:\/\/www.colef.mx\/elmuro\/wp-json\/wp\/v2\/users\/8"}],"replies":[{"embeddable":true,"href":"https:\/\/www.colef.mx\/elmuro\/wp-json\/wp\/v2\/comments?post=855"}],"version-history":[{"count":0,"href":"https:\/\/www.colef.mx\/elmuro\/wp-json\/wp\/v2\/posts\/855\/revisions"}],"wp:attachment":[{"href":"https:\/\/www.colef.mx\/elmuro\/wp-json\/wp\/v2\/media?parent=855"}],"wp:term":[{"taxonomy":"category","embeddable":true,"href":"https:\/\/www.colef.mx\/elmuro\/wp-json\/wp\/v2\/categories?post=855"},{"taxonomy":"post_tag","embeddable":true,"href":"https:\/\/www.colef.mx\/elmuro\/wp-json\/wp\/v2\/tags?post=855"}],"curies":[{"name":"wp","href":"https:\/\/api.w.org\/{rel}","templated":true}]}}