{"id":853,"date":"2009-07-07T10:08:54","date_gmt":"2009-07-07T17:08:54","guid":{"rendered":"http:\/\/www2.colef.mx\/elmuro\/?p=853"},"modified":"2009-07-07T10:08:54","modified_gmt":"2009-07-07T17:08:54","slug":"difusion-colmex-boletin-electronico","status":"publish","type":"post","link":"https:\/\/www.colef.mx\/elmuro\/difusion-colmex-boletin-electronico\/","title":{"rendered":"Difusi\u00f3n Colmex &#8211; Bolet\u00edn Electr\u00f3nico"},"content":{"rendered":"<p><a href=\"http:\/\/difusion.colmex.mx\/\">http:\/\/difusion.colmex.mx\/<br \/>\n<\/a><br \/>\n<strong>Proximas actividades <\/strong><\/p>\n<p>Mi\u00e9coles 8 de julio<br \/>\nCENTRO DE ESTUDIOS DE ASIA Y \u00c1FRICA<br \/>\nCiclo de Cine (India)<br \/>\n\u00abAgua\u00bb (India-Canad\u00e1, 2005) Dir. Deepa Mehta<br \/>\nOrganiza: Amaury Garc\u00eda<br \/>\nSal\u00f3n 2243 \u2013 18:00 horas<br \/>\nContacto.- Mar\u00eda Fernanda V\u00e1zquez<br \/>\nENTRADA LIBRE<\/p>\n<p>Mi\u00e9rcoles 15 y jueves 16 de julio<br \/>\nCENTRO DE ESTUDIOS SOCIOL\u00d3GICOS<br \/>\nPrograma Interdisciplinario de Estudios de la Mujer<br \/>\nColoquio \u201cCreencias sexuales, pr\u00e1cticas religiosas: perspectivas cruzadas\u201d<br \/>\nOrganiza: Karine Tinat y Dimitri Karadimas<br \/>\nSala Alfonso Reyes \u2013 15 Y 16 de julio<br \/>\n9:30 a 19:00 horas<br \/>\nContacto: pamezcua@colmex.mx<br \/>\nREGISTRO DE ASISTENCIA \u2013 CUPO LIMITADO<\/p>\n<p>Jueves 16 de julio<br \/>\nCENTRO DE ESTUDIOS SOCIOL\u00d3GICOS<br \/>\nPrograma Interdisciplinario de Estudios de la Mujer<br \/>\nColoquio \u201cCreencias sexuales, pr\u00e1cticas religiosas: perspectivas cruzadas\u201d<br \/>\nOrganiza: Karine Tinat y Dimitri Karadimas<br \/>\nSala Alfonso Reyes \u2013 15 Y 16 de julio<br \/>\n9:30 a 19:00 horas<br \/>\nContacto: pamezcua@colmex.mx<br \/>\nREGISTRO DE ASISTENCIA \u2013 CUPO LIMITADO<\/p>\n<p>Miercoles 22 de julio<br \/>\nCENTRO DE ESTUDIOS DE ASIA Y \u00c1FRICA<br \/>\nCiclo de Cine (India)<br \/>\n\u00abEl Cielo en la Tierra\u00bb (India-Canad\u00e1, 2008) Dir. Deepa Mehta<br \/>\nOrganiza: Amaury Garc\u00eda<br \/>\nSal\u00f3n 2243 \u2013 18:00 horas<br \/>\nContacto.- Mar\u00eda Fernanda V\u00e1zquez<br \/>\nENTRADA LIBRE<\/p>\n","protected":false},"excerpt":{"rendered":"<p>http:\/\/difusion.colmex.mx\/ Proximas actividades Mi\u00e9coles 8 de julio CENTRO DE ESTUDIOS DE ASIA Y \u00c1FRICA Ciclo de Cine (India) \u00abAgua\u00bb (India-Canad\u00e1, 2005) Dir. Deepa Mehta Organiza: Amaury Garc\u00eda Sal\u00f3n 2243 \u2013 18:00 horas Contacto.- Mar\u00eda Fernanda V\u00e1zquez ENTRADA LIBRE Mi\u00e9rcoles 15 y jueves 16 de julio CENTRO DE ESTUDIOS SOCIOL\u00d3GICOS Programa Interdisciplinario de Estudios de la [&hellip;]<\/p>\n","protected":false},"author":8,"featured_media":0,"comment_status":"closed","ping_status":"closed","sticky":false,"template":"","format":"standard","meta":{"_acf_changed":false,"footnotes":""},"categories":[1,24],"tags":[],"class_list":["post-853","post","type-post","status-publish","format-standard","hentry","category-avisosyconvocatorias","category-boletines-de-difusion"],"acf":[],"_links":{"self":[{"href":"https:\/\/www.colef.mx\/elmuro\/wp-json\/wp\/v2\/posts\/853"}],"collection":[{"href":"https:\/\/www.colef.mx\/elmuro\/wp-json\/wp\/v2\/posts"}],"about":[{"href":"https:\/\/www.colef.mx\/elmuro\/wp-json\/wp\/v2\/types\/post"}],"author":[{"embeddable":true,"href":"https:\/\/www.colef.mx\/elmuro\/wp-json\/wp\/v2\/users\/8"}],"replies":[{"embeddable":true,"href":"https:\/\/www.colef.mx\/elmuro\/wp-json\/wp\/v2\/comments?post=853"}],"version-history":[{"count":0,"href":"https:\/\/www.colef.mx\/elmuro\/wp-json\/wp\/v2\/posts\/853\/revisions"}],"wp:attachment":[{"href":"https:\/\/www.colef.mx\/elmuro\/wp-json\/wp\/v2\/media?parent=853"}],"wp:term":[{"taxonomy":"category","embeddable":true,"href":"https:\/\/www.colef.mx\/elmuro\/wp-json\/wp\/v2\/categories?post=853"},{"taxonomy":"post_tag","embeddable":true,"href":"https:\/\/www.colef.mx\/elmuro\/wp-json\/wp\/v2\/tags?post=853"}],"curies":[{"name":"wp","href":"https:\/\/api.w.org\/{rel}","templated":true}]}}