{"id":851,"date":"2009-07-07T10:07:49","date_gmt":"2009-07-07T17:07:49","guid":{"rendered":"http:\/\/www2.colef.mx\/elmuro\/?p=851"},"modified":"2009-07-07T10:07:49","modified_gmt":"2009-07-07T17:07:49","slug":"primer-simposio-internacional-%e2%80%9cseguridad-ciudadana-eficacia-colectiva-y-control-social-del-espacio-urbano","status":"publish","type":"post","link":"https:\/\/www.colef.mx\/elmuro\/primer-simposio-internacional-%e2%80%9cseguridad-ciudadana-eficacia-colectiva-y-control-social-del-espacio-urbano\/","title":{"rendered":"Primer Simposio Internacional \u201cSEGURIDAD CIUDADANA, EFICACIA COLECTIVA Y CONTROL SOCIAL DEL ESPACIO URBANO\u00bb"},"content":{"rendered":"<p>Primer Simposio Internacional \u201cSEGURIDAD CIUDADANA, EFICACIA COLECTIVA Y CONTROL SOCIAL DEL ESPACIO URBANO\u201d el cual se llevar\u00e1 a cabo los d\u00edas 5 y 6 noviembre del presente a\u00f1o en las instalaciones de la Universidad Aut\u00f3noma del Estado de Morelos.<\/p>\n<p>El Primer Simposio Internacional sobre Seguridad Ciudadana, Eficacia Colectiva y Control Social del Espacio surge ante el reto de encontrar alternativas a la seguridad ciudadana con el compromiso de mejorar el entorno urbano mediante el fortalecimiento del tejido social de las comunidades en la ciudad contempor\u00e1nea as\u00ed como un lugar de encuentro y de compromiso con la comunidad.<\/p>\n<p><!--more--><\/p>\n<p>El Simposio abordar\u00e1 las cuestiones de seguridad en la ciudad contempor\u00e1nea explorando las potencialidades que la sociedad civil puede ofrecer en el combate a la delincuencia, proponiendo un modelo de intervenci\u00f3n eficaz y participativo. Los altos \u00edndices de violencia e inseguridad de los \u00faltimos a\u00f1os han sido asociados con el nivel socioecon\u00f3mico de los residentes, la inestabilidad laboral y residencial as\u00ed como la degradaci\u00f3n del entorno f\u00edsico y social, sin embargo, los mecanismos estructurales que generan la pobreza tienen una estrecha relaci\u00f3n con la localizaci\u00f3n de actividades criminales en ciertas \u00e1reas de la ciudad. El primer Simposio Internacional busca aportar informaci\u00f3n emp\u00edrica sobre las condiciones existentes en las ciudades en Am\u00e9rica Latina a partir de lo cual discutir alternativas de fortalecimiento comunitario para contrarrestar lo altos \u00edndices de criminalidad en las ciudades.<\/p>\n<p>Paneles tem\u00e1ticos:<\/p>\n<p>\u00b7 Seguridad ciudadana y participaci\u00f3n<\/p>\n<p>\u00b7 Percepci\u00f3n de la inseguridad y victimizaci\u00f3n<\/p>\n<p>\u00b7 Delincuencia juvenil y apropiaci\u00f3n del espacio<\/p>\n<p>\u00b7 Marco legal y estado de derecho<\/p>\n<p>\u00b7 Control social del espacio<\/p>\n<p>Entre los objetivos destacan:<\/p>\n<p>\u00b7 Examinar una alternativa real al uso de medidas coercitivas (como puede ser la \u201ctolerancia cero\u201d, la vigilancia pan\u00f3ptica, o el endurecimiento de las condenas).<\/p>\n<p>\u00b7Destacar la efectividad de los mecanismos informales aplicados por los mismos residentes para mantener el orden p\u00fablico.<\/p>\n<p>\u00b7 Fortalecer la capacidad para crear espacios de confianza que permita interacciones sociales en un entorno creativo y no-violento.<\/p>\n<p>\u00b7 Promover la creaci\u00f3n o fortalecimiento de espacios de confianza en la comunidad en donde las generaciones puedan establecer v\u00ednculos y puentes para el dialogo.<\/p>\n<p>Fechas importantes:<\/p>\n<p>15 de Julio 2009 Fecha l\u00edmite para el env\u00edo de res\u00famenes<br \/>\n31 de Julio de 2009 Notificaciones de aceptaci\u00f3n de la ponencia<br \/>\n20 de Octubre de 2009 Fecha l\u00edmite para enviar ponencias en formato electr\u00f3nico para ser considerado para la publicaci\u00f3n como cap\u00edtulo del libro (<a href=\"mailto:simposioseguridad2009@gmail.com\">simposioseguridad2009@gmail.com<\/a>)<\/p>\n<p>Presentaci\u00f3n de res\u00famenes y propuestas<\/p>\n<p>Los res\u00famenes:<br \/>\nRedactados en Espa\u00f1ol, tendr\u00e1n un m\u00e1ximo de 600 palabras, indicando el panel de su preferencia y ser\u00e1n enviados por correo electr\u00f3nico a: <a href=\"simposioseguridad2009@gmail.com\">simposioseguridad2009@gmail.com<\/a> hasta el 15 de Julio de 2009.<\/p>\n<p>Las ponencias:<br \/>\nLas ponencias seleccionadas estar\u00e1n redactadas en el formato de art\u00edculo cient\u00edfico, en idioma Espa\u00f1ol, a espacio simple y con una extensi\u00f3n sugerida de 20 a 25 p\u00e1ginas o 7,000 palabras. Deber\u00e1n enviarse en formato PDF o Microsoft Word incluyendo el t\u00edtulo, el nombre del autor y su afiliaci\u00f3n. Los participantes deber\u00e1n enviar la versi\u00f3n final de su ponencia (formato PDF o Microsoft Word) por correo electr\u00f3nico a: <a href=\"mailto:simposioseguridad2009@gmail.com\">simposioseguridad2009@gmail.com <\/a>hasta el 20 de Octubre de 2009.<\/p>\n<p>Publicaci\u00f3n de las ponencias:<br \/>\nLas ponencias seleccionadas por el comit\u00e9 cient\u00edfico del Coloquio ser\u00e1n editadas como cap\u00edtulos en un volumen que ser\u00e1 publicado por la Editorial Miguel \u00c1ngel Porr\u00faa.<\/p>\n<p>Informes e inscripciones:<br \/>\nContacto: Dr. Alfonso Valenzuela Aguilera<br \/>\nTel. +52.777.3297000 Ext. 6114<br \/>\nEmail: <a href=\"mailto:simposioseguridad2009@gmail.com\">simposioseguridad2009@gmail.com<\/a><\/p>\n<p>P\u00e1gina Web: <a href=\"http:\/\/www.cuernavacaforum.com\/eventos \">www.cuernavacaforum.com\/eventos <\/a><\/p>\n","protected":false},"excerpt":{"rendered":"<p>Primer Simposio Internacional \u201cSEGURIDAD CIUDADANA, EFICACIA COLECTIVA Y CONTROL SOCIAL DEL ESPACIO URBANO\u201d el cual se llevar\u00e1 a cabo los d\u00edas 5 y 6 noviembre del presente a\u00f1o en las instalaciones de la Universidad Aut\u00f3noma del Estado de Morelos. El Primer Simposio Internacional sobre Seguridad Ciudadana, Eficacia Colectiva y Control Social del Espacio surge ante [&hellip;]<\/p>\n","protected":false},"author":8,"featured_media":0,"comment_status":"closed","ping_status":"closed","sticky":false,"template":"","format":"standard","meta":{"_acf_changed":false,"footnotes":""},"categories":[1,64],"tags":[],"class_list":["post-851","post","type-post","status-publish","format-standard","hentry","category-avisosyconvocatorias","category-convocatorias-nacionales"],"acf":[],"_links":{"self":[{"href":"https:\/\/www.colef.mx\/elmuro\/wp-json\/wp\/v2\/posts\/851"}],"collection":[{"href":"https:\/\/www.colef.mx\/elmuro\/wp-json\/wp\/v2\/posts"}],"about":[{"href":"https:\/\/www.colef.mx\/elmuro\/wp-json\/wp\/v2\/types\/post"}],"author":[{"embeddable":true,"href":"https:\/\/www.colef.mx\/elmuro\/wp-json\/wp\/v2\/users\/8"}],"replies":[{"embeddable":true,"href":"https:\/\/www.colef.mx\/elmuro\/wp-json\/wp\/v2\/comments?post=851"}],"version-history":[{"count":0,"href":"https:\/\/www.colef.mx\/elmuro\/wp-json\/wp\/v2\/posts\/851\/revisions"}],"wp:attachment":[{"href":"https:\/\/www.colef.mx\/elmuro\/wp-json\/wp\/v2\/media?parent=851"}],"wp:term":[{"taxonomy":"category","embeddable":true,"href":"https:\/\/www.colef.mx\/elmuro\/wp-json\/wp\/v2\/categories?post=851"},{"taxonomy":"post_tag","embeddable":true,"href":"https:\/\/www.colef.mx\/elmuro\/wp-json\/wp\/v2\/tags?post=851"}],"curies":[{"name":"wp","href":"https:\/\/api.w.org\/{rel}","templated":true}]}}