{"id":821,"date":"2009-07-02T10:33:37","date_gmt":"2009-07-02T17:33:37","guid":{"rendered":"http:\/\/www2.colef.mx\/elmuro\/?p=821"},"modified":"2009-07-02T10:33:37","modified_gmt":"2009-07-02T17:33:37","slug":"el-colef-en-los-medios-3","status":"publish","type":"post","link":"https:\/\/www.colef.mx\/elmuro\/el-colef-en-los-medios-3\/","title":{"rendered":"El Colef en los medios"},"content":{"rendered":"<p>Blanca V\u00e1zquez  fue entrevistada el 19 de junio de 2009 por Ricardo Flores \u00c1lvarez, reportero del peri\u00f3dico El L\u00edder de Nuevo Laredo, sobre el tema migratorio y las medidas anunciadas por el gobernador de California, referente a la deportaci\u00f3n \u201cmasiva\u201c de mexicanos recluidos en c\u00e1rceles de ese Estado.<\/p>\n","protected":false},"excerpt":{"rendered":"<p>Blanca V\u00e1zquez fue entrevistada el 19 de junio de 2009 por Ricardo Flores \u00c1lvarez, reportero del peri\u00f3dico El L\u00edder de Nuevo Laredo, sobre el tema migratorio y las medidas anunciadas por el gobernador de California, referente a la deportaci\u00f3n \u201cmasiva\u201c de mexicanos recluidos en c\u00e1rceles de ese Estado.<\/p>\n","protected":false},"author":4,"featured_media":0,"comment_status":"open","ping_status":"open","sticky":false,"template":"","format":"standard","meta":{"_acf_changed":false,"footnotes":""},"categories":[1],"tags":[],"class_list":["post-821","post","type-post","status-publish","format-standard","hentry","category-avisosyconvocatorias"],"acf":[],"_links":{"self":[{"href":"https:\/\/www.colef.mx\/elmuro\/wp-json\/wp\/v2\/posts\/821"}],"collection":[{"href":"https:\/\/www.colef.mx\/elmuro\/wp-json\/wp\/v2\/posts"}],"about":[{"href":"https:\/\/www.colef.mx\/elmuro\/wp-json\/wp\/v2\/types\/post"}],"author":[{"embeddable":true,"href":"https:\/\/www.colef.mx\/elmuro\/wp-json\/wp\/v2\/users\/4"}],"replies":[{"embeddable":true,"href":"https:\/\/www.colef.mx\/elmuro\/wp-json\/wp\/v2\/comments?post=821"}],"version-history":[{"count":0,"href":"https:\/\/www.colef.mx\/elmuro\/wp-json\/wp\/v2\/posts\/821\/revisions"}],"wp:attachment":[{"href":"https:\/\/www.colef.mx\/elmuro\/wp-json\/wp\/v2\/media?parent=821"}],"wp:term":[{"taxonomy":"category","embeddable":true,"href":"https:\/\/www.colef.mx\/elmuro\/wp-json\/wp\/v2\/categories?post=821"},{"taxonomy":"post_tag","embeddable":true,"href":"https:\/\/www.colef.mx\/elmuro\/wp-json\/wp\/v2\/tags?post=821"}],"curies":[{"name":"wp","href":"https:\/\/api.w.org\/{rel}","templated":true}]}}