{"id":813,"date":"2009-07-02T10:11:03","date_gmt":"2009-07-02T17:11:03","guid":{"rendered":"http:\/\/www2.colef.mx\/elmuro\/?p=813"},"modified":"2009-07-02T10:25:15","modified_gmt":"2009-07-02T17:25:15","slug":"visita-del-delegado-de-conacyt-en-el-noreste","status":"publish","type":"post","link":"https:\/\/www.colef.mx\/elmuro\/visita-del-delegado-de-conacyt-en-el-noreste\/","title":{"rendered":"Visita del Delegado de Conacyt en el Noreste"},"content":{"rendered":"<p>\n\t\t<style type=\"text\/css\">\n\t\t\t#gallery-1 {\n\t\t\t\tmargin: auto;\n\t\t\t}\n\t\t\t#gallery-1 .gallery-item {\n\t\t\t\tfloat: left;\n\t\t\t\tmargin-top: 10px;\n\t\t\t\ttext-align: center;\n\t\t\t\twidth: 33%;\n\t\t\t}\n\t\t\t#gallery-1 img {\n\t\t\t\tborder: 2px solid #cfcfcf;\n\t\t\t}\n\t\t\t#gallery-1 .gallery-caption {\n\t\t\t\tmargin-left: 0;\n\t\t\t}\n\t\t\t\/* see gallery_shortcode() in wp-includes\/media.php *\/\n\t\t<\/style>\n\t\t<div id='gallery-1' class='gallery galleryid-813 gallery-columns-3 gallery-size-thumbnail'><dl class='gallery-item'>\n\t\t\t<dt class='gallery-icon '>\n\t\t\t\t<a href='https:\/\/www.colef.mx\/elmuro\/visita-del-delegado-de-conacyt-en-el-noreste\/p1040388\/'>Visita delegado Conacyt Noreste<\/a>\n\t\t\t<\/dt><\/dl>\n\t\t\t<br style='clear: both' \/>\n\t\t<\/div>\nEl pasado lunes 29 de junio el Director General de Conacyt para el Noreste, Oscar V\u00e1zquez Montiel visit\u00f3 las instalaciones de El Colef en Monterrey. El prop\u00f3sito fue conocer los proyectos de investigaci\u00f3n, de docencia as\u00ed como la organizaci\u00f3n de eventos de la Direcci\u00f3n General del Noreste de Monterrey. Participaron colegas de la sede de Monterrey as\u00ed como de las sedes de Nuevo Laredo y Matamoros.  Por su parte, Oscar V\u00e1zquez expuso las pol\u00edticas y gestiones de los diferentes actores regionales para definir las diversas convocatorias lanzadas por Conacyt. La Direcci\u00f3n General de Conacyt para el Noreste incluye los estados de Tamaulipas, Nuevo Le\u00f3n, Coahuila, Chihuahua y Durango. Con esta visita se fortalecen las alianzas entre la delegaci\u00f3n de Conacyt y El Colef en el Noreste para un mejor aprovechamiento de las convocatorias as\u00ed como para la colaboraci\u00f3n en los comit\u00e9s dictaminadores de los diferentes proyectos de Conacyt. <\/p>\n","protected":false},"excerpt":{"rendered":"<p>El pasado lunes 29 de junio el Director General de Conacyt para el Noreste, Oscar V\u00e1zquez Montiel visit\u00f3 las instalaciones de El Colef en Monterrey. El prop\u00f3sito fue conocer los proyectos de investigaci\u00f3n, de docencia as\u00ed como la organizaci\u00f3n de eventos de la Direcci\u00f3n General del Noreste de Monterrey. Participaron colegas de la sede de [&hellip;]<\/p>\n","protected":false},"author":4,"featured_media":0,"comment_status":"open","ping_status":"open","sticky":false,"template":"","format":"standard","meta":{"_acf_changed":false,"footnotes":""},"categories":[1],"tags":[],"class_list":["post-813","post","type-post","status-publish","format-standard","hentry","category-avisosyconvocatorias"],"acf":[],"_links":{"self":[{"href":"https:\/\/www.colef.mx\/elmuro\/wp-json\/wp\/v2\/posts\/813"}],"collection":[{"href":"https:\/\/www.colef.mx\/elmuro\/wp-json\/wp\/v2\/posts"}],"about":[{"href":"https:\/\/www.colef.mx\/elmuro\/wp-json\/wp\/v2\/types\/post"}],"author":[{"embeddable":true,"href":"https:\/\/www.colef.mx\/elmuro\/wp-json\/wp\/v2\/users\/4"}],"replies":[{"embeddable":true,"href":"https:\/\/www.colef.mx\/elmuro\/wp-json\/wp\/v2\/comments?post=813"}],"version-history":[{"count":0,"href":"https:\/\/www.colef.mx\/elmuro\/wp-json\/wp\/v2\/posts\/813\/revisions"}],"wp:attachment":[{"href":"https:\/\/www.colef.mx\/elmuro\/wp-json\/wp\/v2\/media?parent=813"}],"wp:term":[{"taxonomy":"category","embeddable":true,"href":"https:\/\/www.colef.mx\/elmuro\/wp-json\/wp\/v2\/categories?post=813"},{"taxonomy":"post_tag","embeddable":true,"href":"https:\/\/www.colef.mx\/elmuro\/wp-json\/wp\/v2\/tags?post=813"}],"curies":[{"name":"wp","href":"https:\/\/api.w.org\/{rel}","templated":true}]}}