{"id":67,"date":"2008-05-12T11:35:40","date_gmt":"2008-05-12T18:35:40","guid":{"rendered":"http:\/\/www2.colef.mx\/cinterno\/?p=67"},"modified":"2008-05-12T11:35:40","modified_gmt":"2008-05-12T18:35:40","slug":"master-universitario-oficial-en-migraciones-internacionales","status":"publish","type":"post","link":"https:\/\/www.colef.mx\/elmuro\/master-universitario-oficial-en-migraciones-internacionales\/","title":{"rendered":"Master Universitario Oficial en Migraciones Internacionales"},"content":{"rendered":"<p><strong>Investigaci\u00f3n, pol\u00edticas migratorias y mediaci\u00f3n intercultural<\/strong><\/p>\n<p>La Universidad da Coru\u00f1a presenta su programa de Master Universitario en Migraciones Internacionales, el plazo para inscripciones vence el 20 de junio (extranjeros). Favor de consultar el <a href=\"http:\/\/www2.colef.mx\/cinterno\/wp-content\/uploads\/2008\/05\/triptico_master_esomi.pdf\">tr\u00edptico anexo<\/a> para mayores informes o consultarlo directamente en:<\/p>\n<p><a href=\"http:\/\/www.esomi.es\">www.esomi.es<\/a><br \/>\n<a href=\"mailto: esomi@udc.es\">esomi@udc.es<\/a><\/p>\n","protected":false},"excerpt":{"rendered":"<p>Investigaci\u00f3n, pol\u00edticas migratorias y mediaci\u00f3n intercultural La Universidad da Coru\u00f1a presenta su programa de Master Universitario en Migraciones Internacionales, el plazo para inscripciones vence el 20 de junio (extranjeros). Favor de consultar el tr\u00edptico anexo para mayores informes o consultarlo directamente en: www.esomi.es esomi@udc.es<\/p>\n","protected":false},"author":8,"featured_media":0,"comment_status":"closed","ping_status":"closed","sticky":false,"template":"","format":"standard","meta":{"_acf_changed":false,"footnotes":""},"categories":[9],"tags":[],"class_list":["post-67","post","type-post","status-publish","format-standard","hentry","category-convocatorias"],"acf":[],"_links":{"self":[{"href":"https:\/\/www.colef.mx\/elmuro\/wp-json\/wp\/v2\/posts\/67"}],"collection":[{"href":"https:\/\/www.colef.mx\/elmuro\/wp-json\/wp\/v2\/posts"}],"about":[{"href":"https:\/\/www.colef.mx\/elmuro\/wp-json\/wp\/v2\/types\/post"}],"author":[{"embeddable":true,"href":"https:\/\/www.colef.mx\/elmuro\/wp-json\/wp\/v2\/users\/8"}],"replies":[{"embeddable":true,"href":"https:\/\/www.colef.mx\/elmuro\/wp-json\/wp\/v2\/comments?post=67"}],"version-history":[{"count":0,"href":"https:\/\/www.colef.mx\/elmuro\/wp-json\/wp\/v2\/posts\/67\/revisions"}],"wp:attachment":[{"href":"https:\/\/www.colef.mx\/elmuro\/wp-json\/wp\/v2\/media?parent=67"}],"wp:term":[{"taxonomy":"category","embeddable":true,"href":"https:\/\/www.colef.mx\/elmuro\/wp-json\/wp\/v2\/categories?post=67"},{"taxonomy":"post_tag","embeddable":true,"href":"https:\/\/www.colef.mx\/elmuro\/wp-json\/wp\/v2\/tags?post=67"}],"curies":[{"name":"wp","href":"https:\/\/api.w.org\/{rel}","templated":true}]}}