{"id":6,"date":"2008-04-07T15:21:35","date_gmt":"2008-04-07T22:21:35","guid":{"rendered":"http:\/\/www2.colef.mx\/cinterno\/?p=6"},"modified":"2008-04-07T17:26:55","modified_gmt":"2008-04-08T00:26:55","slug":"en-el-umbral-de-las-revoluciones-hispanicas-el-bienio-1808-1810","status":"publish","type":"post","link":"https:\/\/www.colef.mx\/elmuro\/en-el-umbral-de-las-revoluciones-hispanicas-el-bienio-1808-1810\/","title":{"rendered":"En el umbral de las revoluciones hisp\u00e1nicas: el bienio 1808-1810"},"content":{"rendered":"<p>Seminario en El Colmex<\/p>\n<p>El seminario internacional se encuentra organizado conjuntamente por el Centro de Estudios Internacionales de El Colegio de M\u00e9xico y el Centro de Estudios Pol\u00edticos y Constitucionales de Madrid, contar\u00e1 con la participaci\u00f3n de especialistas de diez pa\u00edses. El principal objetivo es debatir sobre los dos a\u00f1os que precedieron al inicio de los movimientos independentistas en la Am\u00e9rica hispana. El seminario tendr\u00e1 lugar el jueves 10 y el viernes 11 de abril de 10:00 a 19:00 horas en la Sala Alfonso Reyes, del Colmex.<\/p>\n<p><a href=\"http:\/\/www2.colef.mx\/cinterno\/wp-content\/uploads\/2008\/04\/conferencia-colmex-25-septiembre.doc\">Programa de la conferencia<\/a><\/p>\n","protected":false},"excerpt":{"rendered":"<p>Seminario en El Colmex El seminario internacional se encuentra organizado conjuntamente por el Centro de Estudios Internacionales de El Colegio de M\u00e9xico y el Centro de Estudios Pol\u00edticos y Constitucionales de Madrid, contar\u00e1 con la participaci\u00f3n de especialistas de diez pa\u00edses. El principal objetivo es debatir sobre los dos a\u00f1os que precedieron al inicio de [&hellip;]<\/p>\n","protected":false},"author":8,"featured_media":0,"comment_status":"closed","ping_status":"closed","sticky":false,"template":"","format":"standard","meta":{"_acf_changed":false,"footnotes":""},"categories":[3],"tags":[],"class_list":["post-6","post","type-post","status-publish","format-standard","hentry","category-seminarios"],"acf":[],"_links":{"self":[{"href":"https:\/\/www.colef.mx\/elmuro\/wp-json\/wp\/v2\/posts\/6"}],"collection":[{"href":"https:\/\/www.colef.mx\/elmuro\/wp-json\/wp\/v2\/posts"}],"about":[{"href":"https:\/\/www.colef.mx\/elmuro\/wp-json\/wp\/v2\/types\/post"}],"author":[{"embeddable":true,"href":"https:\/\/www.colef.mx\/elmuro\/wp-json\/wp\/v2\/users\/8"}],"replies":[{"embeddable":true,"href":"https:\/\/www.colef.mx\/elmuro\/wp-json\/wp\/v2\/comments?post=6"}],"version-history":[{"count":0,"href":"https:\/\/www.colef.mx\/elmuro\/wp-json\/wp\/v2\/posts\/6\/revisions"}],"wp:attachment":[{"href":"https:\/\/www.colef.mx\/elmuro\/wp-json\/wp\/v2\/media?parent=6"}],"wp:term":[{"taxonomy":"category","embeddable":true,"href":"https:\/\/www.colef.mx\/elmuro\/wp-json\/wp\/v2\/categories?post=6"},{"taxonomy":"post_tag","embeddable":true,"href":"https:\/\/www.colef.mx\/elmuro\/wp-json\/wp\/v2\/tags?post=6"}],"curies":[{"name":"wp","href":"https:\/\/api.w.org\/{rel}","templated":true}]}}