{"id":351,"date":"2009-01-12T12:06:33","date_gmt":"2009-01-12T19:06:33","guid":{"rendered":"http:\/\/www2.colef.mx\/cinterno\/?p=351"},"modified":"2009-01-12T12:06:33","modified_gmt":"2009-01-12T19:06:33","slug":"v-congreso-internacional-de-ordenamiento-ecologico-y-territorial","status":"publish","type":"post","link":"https:\/\/www.colef.mx\/elmuro\/v-congreso-internacional-de-ordenamiento-ecologico-y-territorial\/","title":{"rendered":"V CONGRESO INTERNACIONAL DE ORDENAMIENTO ECOL\u00d3GICO Y TERRITORIAL"},"content":{"rendered":"<p><strong>Ordenamiento Territorial y Desarrollo Sustentable: de la Teor\u00eda a la Pr\u00e1ctica<\/strong><br \/>\nMorelia, Michoac\u00e1n, del 24 al 28 de noviembre de 2009.<\/p>\n<p><a href=\"http:\/\/www2.colef.mx\/cinterno\/wp-content\/uploads\/2009\/01\/poster-vcioet.pdf\">Cartel del Congreso<\/a><\/p>\n<p><a href=\"http:\/\/www2.colef.mx\/cinterno\/wp-content\/uploads\/2009\/01\/primeracircular-vcioet.pdf\">Informaci\u00f3n completa del congreso &#8211; Primera Circular<\/a><\/p>\n","protected":false},"excerpt":{"rendered":"<p>Ordenamiento Territorial y Desarrollo Sustentable: de la Teor\u00eda a la Pr\u00e1ctica Morelia, Michoac\u00e1n, del 24 al 28 de noviembre de 2009. Cartel del Congreso Informaci\u00f3n completa del congreso &#8211; Primera Circular<\/p>\n","protected":false},"author":8,"featured_media":0,"comment_status":"closed","ping_status":"open","sticky":false,"template":"","format":"standard","meta":{"_acf_changed":false,"footnotes":""},"categories":[8],"tags":[],"class_list":["post-351","post","type-post","status-publish","format-standard","hentry","category-congresos"],"acf":[],"_links":{"self":[{"href":"https:\/\/www.colef.mx\/elmuro\/wp-json\/wp\/v2\/posts\/351"}],"collection":[{"href":"https:\/\/www.colef.mx\/elmuro\/wp-json\/wp\/v2\/posts"}],"about":[{"href":"https:\/\/www.colef.mx\/elmuro\/wp-json\/wp\/v2\/types\/post"}],"author":[{"embeddable":true,"href":"https:\/\/www.colef.mx\/elmuro\/wp-json\/wp\/v2\/users\/8"}],"replies":[{"embeddable":true,"href":"https:\/\/www.colef.mx\/elmuro\/wp-json\/wp\/v2\/comments?post=351"}],"version-history":[{"count":0,"href":"https:\/\/www.colef.mx\/elmuro\/wp-json\/wp\/v2\/posts\/351\/revisions"}],"wp:attachment":[{"href":"https:\/\/www.colef.mx\/elmuro\/wp-json\/wp\/v2\/media?parent=351"}],"wp:term":[{"taxonomy":"category","embeddable":true,"href":"https:\/\/www.colef.mx\/elmuro\/wp-json\/wp\/v2\/categories?post=351"},{"taxonomy":"post_tag","embeddable":true,"href":"https:\/\/www.colef.mx\/elmuro\/wp-json\/wp\/v2\/tags?post=351"}],"curies":[{"name":"wp","href":"https:\/\/api.w.org\/{rel}","templated":true}]}}