{"id":29786,"date":"2023-07-04T14:58:18","date_gmt":"2023-07-04T21:58:18","guid":{"rendered":"https:\/\/www.colef.mx\/elmuro\/?p=29786"},"modified":"2023-07-04T14:58:18","modified_gmt":"2023-07-04T21:58:18","slug":"boletin-del-centro-de-investigaciones-en-optica-a-c-cio-semana-del-03-al-09-de-julio-2023","status":"publish","type":"post","link":"https:\/\/www.colef.mx\/elmuro\/boletin-del-centro-de-investigaciones-en-optica-a-c-cio-semana-del-03-al-09-de-julio-2023\/","title":{"rendered":"Bolet\u00edn del Centro de Investigaciones en \u00d3ptica, A.C. (CIO) | Semana del 03 al 09 de julio | 2023"},"content":{"rendered":"\n<figure class=\"wp-block-image\"><a href=\"https:\/\/cio.mx\/\" target=\"_blank\" rel=\"noreferrer noopener\"><img decoding=\"async\" src=\"https:\/\/ci4.googleusercontent.com\/proxy\/5POLt1OhXA3SG9R8rgyAdzs4jn-_HkGrSCnXnuAIK9QzW7_V0iQqP1ni0h6li8216-bli66-WueBWw=s0-d-e1-ft#https:\/\/cio.mx\/mailing\/img\/boletin3.gif\" alt=\"\"\/><\/a><\/figure>\n\n\n\n<figure class=\"wp-block-image\"><a href=\"https:\/\/www.cio.mx\/archivos\/temporales\/PlacasLaboratorios.mp4\" target=\"_blank\" rel=\"noreferrer noopener\"><img decoding=\"async\" src=\"https:\/\/ci3.googleusercontent.com\/proxy\/hhYHy-5DgApOC3XG5GWdCwCNX_4Za7w7rFiFBhn_8r1Cb9qpxzXZ5koO9hjFu7PaXbsMTTPoRbxmw9RyejbfSVZ3VSVlPMwkTL1aAViFI_2Ke-pGu7U5qGyK1lsg=s0-d-e1-ft#https:\/\/cio.mx\/mailing\/img\/img_campanias\/campania2023_07_04_11_09_53_1.jpg\" alt=\"\"\/><\/a><\/figure>\n\n\n\n<p>El pasado 27 de junio se llev\u00f3 a cabo el  acto protocolario de colocaci\u00f3n de la primera placa a los laboratorios  del CIO; con este se reconoce la presencia y la trayectoria de trabajo  que los laboratorios han provisto como actividad sustantiva a la  conformaci\u00f3n de este Centro. En los pr\u00f3ximos d\u00edas se estar\u00e1n colocando  las placas a los laboratorios en Le\u00f3n y Aguascalientes, donde se  precisan el nombre del laboratorio, el a\u00f1o de fundaci\u00f3n y nombre del o  la investigadora fundadora. <\/p>\n\n\n\n<figure class=\"wp-block-image\"><a href=\"https:\/\/tv4noticias.com\/publicaciones\/junio-edicion-31\" target=\"_blank\" rel=\"noreferrer noopener\"><img decoding=\"async\" src=\"https:\/\/ci5.googleusercontent.com\/proxy\/RbLqzM1ZD4wW12hbsZYAJQEM1xcmzA0EEzbLwcA1Lp_OS9vnwaJecvfSqGF8eQ-TFtfjI64dvOlrQxh_ibil1wcHJclOagfRE4ma2X2voIONQeV0lC7Le26rUR-5=s0-d-e1-ft#https:\/\/cio.mx\/mailing\/img\/img_campanias\/campania2023_07_04_11_09_53_2.jpg\" alt=\"\"\/><\/a><\/figure>\n\n\n\n<p>Enfermedades oculares pueden prevenirse  gracias al desarrollo de este proyecto encabezado por el Centro de  Investigaciones en \u00d3ptica, A.C. (CIO) (Ver p\u00e1g. 8)<\/p>\n\n\n\n<figure class=\"wp-block-image\"><a href=\"https:\/\/cio.mx\/noticio\/articulo.php?se=2475576&amp;s=34383&amp;gh=1856682\" target=\"_blank\" rel=\"noreferrer noopener\"><img decoding=\"async\" src=\"https:\/\/ci6.googleusercontent.com\/proxy\/cz_dGwq-2nalinhVEAUpTkUX1eVUMqCtHYsCSKsxMWpKe3LPntu_tV6gCjrNKE0Y92EeEdxT29VPmrE6cE__LOM3c0SYEh8mVYRltBRR5SHai6KNJcX-U29Q2aDJ=s0-d-e1-ft#https:\/\/cio.mx\/mailing\/img\/img_campanias\/campania2023_07_04_11_09_53_3.jpg\" alt=\"\"\/><\/a><\/figure>\n\n\n\n<p>El pasado 30 de junio fue el \u00faltimo d\u00eda  laboral de la Dra. Marija Strojnik, investigadora em\u00e9rita (SNI), por  motivos de su jubilaci\u00f3n; ella desarroll\u00f3 una t\u00e9cnica de navegaci\u00f3n  \u00f3ptica completamente aut\u00f3noma, basada en el reconocimiento de campos  estelares y ha sido reconocida por varias instituciones gracias a su  trayectoria y aportes a la ciencia. La comunidad del CIO le desea lo  mejor en esta nueva etapa y agradece su legado.<\/p>\n\n\n\n<figure class=\"wp-block-image\"><a href=\"https:\/\/www.am.com.mx\/opinion\/2023\/7\/1\/accidentes-en-exploracion-submarina-espacial-666734.html\" target=\"_blank\" rel=\"noreferrer noopener\"><img decoding=\"async\" src=\"https:\/\/ci3.googleusercontent.com\/proxy\/oV8_6jR578Po-F0p-le83Tagis_1Gqdn2YR_lqjEonTXzc15p8azulLSQ0BdTWE_m2-lWgHGHgy7TUe-EZKRrZf8zFqNaY9KXlydIjGr-b2CsLyAzIUoWEpo8PGE=s0-d-e1-ft#https:\/\/cio.mx\/mailing\/img\/img_campanias\/campania2023_07_04_13_21_24_4.jpg\" alt=\"\"\/><\/a><\/figure>\n\n\n\n<p>\u00abToda p\u00e9rdida humana es lamentable, pero este riesgo es parte del precio que deben pagar quienes desean  incursionar como pioneros en terrenos poco o insuficientemente  explorados en el espacio exterior o en el fondo del mar\u201d.<\/p>\n\n\n\n<figure class=\"wp-block-image\"><a href=\"https:\/\/cio.mx\/archivos\/pdf\/convocatorias\/convocatoria_ciencia_cosa_de_mujeres_2023.pdf\" target=\"_blank\" rel=\"noreferrer noopener\"><img decoding=\"async\" src=\"https:\/\/ci4.googleusercontent.com\/proxy\/lx3PUy46YQDb-0Fz24WiEtZiJtQdiMrNtC0VCJEi9osgkZumGW-eQUyo4czTE2uWwe-Ast1C9Jr2manL8SKk5oKwxQR7rNproK8fI005TI2oGv3a1GaY3LGVUljD=s0-d-e1-ft#https:\/\/cio.mx\/mailing\/img\/img_campanias\/campania2023_07_04_11_09_53_5.jpg\" alt=\"\"\/><\/a><\/figure>\n\n\n\n<p>Te invitamos a participar en la 6ta. edici\u00f3n\n de \u00abLa ciencia tambi\u00e9n es cosa de mujeres\u00bb Dirigido a mujeres \nestudiantes de bachillerato que tengan inter\u00e9s en la\nciencia. \u00a1Habr\u00e1 conferencias, talleres de experimentos cient\u00edficos, \nvisitas a los laboratorios, pl\u00e1ticas de liderazgo y m\u00e1s!<\/p>\n","protected":false},"excerpt":{"rendered":"<p>El pasado 27 de junio se llev\u00f3 a cabo el acto protocolario de colocaci\u00f3n de la primera placa a los laboratorios del CIO; con este se reconoce la presencia y la trayectoria de trabajo que los laboratorios han provisto como actividad sustantiva a la conformaci\u00f3n de este Centro. En los pr\u00f3ximos d\u00edas se estar\u00e1n colocando [&hellip;]<\/p>\n","protected":false},"author":10,"featured_media":0,"comment_status":"closed","ping_status":"closed","sticky":false,"template":"","format":"standard","meta":{"_acf_changed":false,"footnotes":""},"categories":[1],"tags":[],"class_list":["post-29786","post","type-post","status-publish","format-standard","hentry","category-avisosyconvocatorias"],"acf":[],"_links":{"self":[{"href":"https:\/\/www.colef.mx\/elmuro\/wp-json\/wp\/v2\/posts\/29786"}],"collection":[{"href":"https:\/\/www.colef.mx\/elmuro\/wp-json\/wp\/v2\/posts"}],"about":[{"href":"https:\/\/www.colef.mx\/elmuro\/wp-json\/wp\/v2\/types\/post"}],"author":[{"embeddable":true,"href":"https:\/\/www.colef.mx\/elmuro\/wp-json\/wp\/v2\/users\/10"}],"replies":[{"embeddable":true,"href":"https:\/\/www.colef.mx\/elmuro\/wp-json\/wp\/v2\/comments?post=29786"}],"version-history":[{"count":1,"href":"https:\/\/www.colef.mx\/elmuro\/wp-json\/wp\/v2\/posts\/29786\/revisions"}],"predecessor-version":[{"id":29787,"href":"https:\/\/www.colef.mx\/elmuro\/wp-json\/wp\/v2\/posts\/29786\/revisions\/29787"}],"wp:attachment":[{"href":"https:\/\/www.colef.mx\/elmuro\/wp-json\/wp\/v2\/media?parent=29786"}],"wp:term":[{"taxonomy":"category","embeddable":true,"href":"https:\/\/www.colef.mx\/elmuro\/wp-json\/wp\/v2\/categories?post=29786"},{"taxonomy":"post_tag","embeddable":true,"href":"https:\/\/www.colef.mx\/elmuro\/wp-json\/wp\/v2\/tags?post=29786"}],"curies":[{"name":"wp","href":"https:\/\/api.w.org\/{rel}","templated":true}]}}