{"id":29700,"date":"2023-05-23T12:20:31","date_gmt":"2023-05-23T19:20:31","guid":{"rendered":"https:\/\/www.colef.mx\/elmuro\/?p=29700"},"modified":"2023-05-23T12:20:31","modified_gmt":"2023-05-23T19:20:31","slug":"boletin-del-consejo-mexicano-de-ciencias-sociales-18-05-2023","status":"publish","type":"post","link":"https:\/\/www.colef.mx\/elmuro\/boletin-del-consejo-mexicano-de-ciencias-sociales-18-05-2023\/","title":{"rendered":"Bolet\u00edn del Consejo Mexicano de Ciencias Sociales (18\/05\/2023)"},"content":{"rendered":"\n<p style=\"font-size:30px\"><a rel=\"noreferrer noopener\" href=\"https:\/\/www.comecso.com\/boletin\/lt.php?tid=eR5RUFtQUglaB09ZDAcCG1FTBwoUUFMHVxQDAAkFVF0IU1QAAF1MUwQBBgsBAwYbAFcKURQFVw9bFF8DA1EdAFNWAQdTAlQJAwdVRAoAAVRVWgtWFAgHDlAUUgdRBx1YU1ZVTANWBgFSVFINAAJSBA\" target=\"_blank\">Convocatoria a la 6a Semana Nacional de las Ciencias Sociales<\/a><\/p>\n\n\n\n<figure class=\"wp-block-image\"><a href=\"https:\/\/www.comecso.com\/6asemana\/convocatoria\" target=\"_blank\" rel=\"noreferrer noopener\"><img decoding=\"async\" src=\"https:\/\/www.comecso.com\/wp-content\/uploads\/2023\/03\/cartel-sncs2023.jpg\" alt=\"\"\/><\/a><\/figure>\n\n\n\n<p>6\u00aa Semana Nacional de las Ciencias Sociales<br>del 9 al 13 de octubre de 2023<\/p>\n\n\n\n<p>Se convoca a las entidades acad\u00e9micas de las ciencias sociales (escuelas, facultades, centros e institutos de investigaci\u00f3n) a participar en la 6a Semana Nacional de las Ciencias Sociales (6SNCS), del 9 al 13 de octubre de 2023.<\/p>\n\n\n\n<p>Como en ediciones anteriores, la 6\u00aa Semana Nacional de las Ciencias Sociales la 6SNCS tiene la intenci\u00f3n de propiciar la comunicaci\u00f3n, vinculaci\u00f3n y difusi\u00f3n de nuestro quehacer en docencia, investigaci\u00f3n e innovaci\u00f3n en las Ciencias Sociales mediante el desarrollo de actividades que permitan la interacci\u00f3n e intercambio entre estudiantes, profesores e investigadores y p\u00fablicos extra-acad\u00e9micos. Con ese fin, se invita a programar y registrar las actividades presenciales o en l\u00ednea que deseen compartir, como seminarios, presentaciones de libros, charlas y debates, proyecciones audiovisuales, conferencias, conversatorios, exposiciones, entre otros formatos acad\u00e9micos que propicien la participaci\u00f3n de alumnos, profesores e investigadores.<\/p>\n\n\n\n<p><strong>Objetivos<\/strong><\/p>\n\n\n\n<ul class=\"wp-block-list\"><li>Fomentar la comunicaci\u00f3n, intercambio y divulgaci\u00f3n de conocimientos y hallazgos de investigaci\u00f3n en las Ciencias Sociales a p\u00fablicos acad\u00e9micos (estudiantes, profesores e investigadores) y extra-acad\u00e9micos (del gobierno, del legislativo, de la empresa, de la sociedad civil y los medios de comunicaci\u00f3n);<\/li><li>Estimular las interacciones e intercambios entre estudiantes y especialistas de las diferentes disciplinas y \u00e1reas tem\u00e1ticas de las Ciencias Sociales (desde la educaci\u00f3n media superior al posgrado), y p\u00fablicos extra-acad\u00e9micos;<\/li><li>Despertar y animar vocaciones cient\u00edficas en las y los j\u00f3venes interesados en problem\u00e1ticas sociales, econ\u00f3micas, pol\u00edticas, culturales, ambientales y otras, as\u00ed como difundir las contribuciones al conocimiento, las mediciones de las desigualdades y las propuestas de intervenci\u00f3n que se presentan a la academia, el gobierno, el legislativo, la empresa y la sociedad civil para revertirlas;<\/li><li>Fortalecer la identidad, el esp\u00edritu de comunidad acad\u00e9mica, la imagen, credibilidad y relevancia de las Ciencias Sociales para la generaci\u00f3n de conocimientos, para la comprensi\u00f3n de los problemas nacionales, su atenci\u00f3n y soluci\u00f3n;<\/li><li>Exponer de qu\u00e9 manera las Ciencias Sociales han analizado los efectos de la pandemia del COVID-19 y qu\u00e9 formas de intervenci\u00f3n social y pol\u00edtica han propuesto para que sus perniciosas consecuencias no se prolonguen ni se profundicen.<\/li><\/ul>\n\n\n\n<p>M\u00e1s informaci\u00f3n en:<\/p>\n\n\n\n<p><a href=\"https:\/\/www.comecso.com\/6asemana\/convocatoria\">https:\/\/www.comecso.com\/6asemana\/convocatoria<\/a><\/p>\n\n\n\n<p><\/p>\n\n\n\n<p style=\"font-size:30px\"><a rel=\"noreferrer noopener\" href=\"https:\/\/www.comecso.com\/boletin\/lt.php?tid=eR5UBFNUBQhRVU8NAQdXG1FXAgsUUFEOWhQEBQZQU10EA1IHVwZMUwQBBgsBAwYbAFcKURQFVw9bFF8DA1EdAFNWAQdTAlQJAwdVRAoAAVRVWgtWFAgHDlAUUgdRBx1YU1ZVTANWBgFSVFINAAJSBA\" target=\"_blank\">Convocatoria para impartir talleres en 6a Semana Nacional de las Ciencias Sociales<\/a><\/p>\n\n\n\n<figure class=\"wp-block-image\"><a href=\"https:\/\/www.comecso.com\/convocatorias\/convocatoria-talleres-6a-semana-nacional-de-las-ciencias-sociales\" target=\"_blank\" rel=\"noreferrer noopener\"><img decoding=\"async\" src=\"https:\/\/www.comecso.com\/wp-content\/uploads\/2023\/04\/background_01-810x456.jpg\" alt=\"\"\/><\/a><\/figure>\n\n\n\n<p>OBJETIVO<\/p>\n\n\n\n<p>Trasmitir conocimientos y desarrollar habilidades espec\u00edficas que contribuyan a la pr\u00e1ctica de la docencia, la investigaci\u00f3n, la innovaci\u00f3n, la publicaci\u00f3n, la difusi\u00f3n y a la apropiaci\u00f3n social del conocimiento generado por las Ciencias Sociales.<br><\/p>\n\n\n\n<p>REQUISITOS<\/p>\n\n\n\n<p>Los interesados en impartir alg\u00fan taller deber\u00e1n registrarse como Coordinadores Acad\u00e9micos (CA) de la 6a Semana Nacional de las Ciencias Sociales y enviar su propuesta de taller siguiendo las instrucciones de este enlace:\u00a0<a href=\"https:\/\/www.comecso.com\/6asemana\/instrucciones\">https:\/\/www.comecso.com\/6asemana\/instrucciones<\/a>.<\/p>\n\n\n\n<p>FECHAS IMPORTANTES<\/p>\n\n\n\n<ul class=\"wp-block-list\"><li>Cierre de recepci\u00f3n de propuestas: 04 de septiembre del 2023.<\/li><li>Notificaci\u00f3n de propuestas aceptadas: 11 de septiembre del 2023.<\/li><li>Publicaci\u00f3n de los talleres seleccionados y apertura de inscripciones: 11 de septiembre del 2023.<\/li><\/ul>\n\n\n\n<p>INFORMES<\/p>\n\n\n\n<p><a href=\"mailto:coord.comecso@gmail.com\">coord.comecso@gmail.com<\/a><\/p>\n\n\n\n<p><a href=\"http:\/\/www.comecso.com\/6asemana\">www.comecso.com\/6asemana<\/a><\/p>\n\n\n\n<p><\/p>\n\n\n\n<p style=\"font-size:30px\"><a rel=\"noreferrer noopener\" href=\"https:\/\/www.comecso.com\/boletin\/lt.php?tid=eR5VAlVcAwlQA09bC1RRG1FXUVIUCVMOARRXUgABUltUUlRYV11MUwQBBgsBAwYbAFcKURQFVw9bFF8DA1EdAFNWAQdTAlQJAwdVRAoAAVRVWgtWFAgHDlAUUgdRBx1YU1ZVTANWBgFSVFINAAJSBA\" target=\"_blank\">Las Industrias Culturales y el Libre Comercio en Am\u00e9rica del Norte<\/a><\/p>\n\n\n\n<figure class=\"wp-block-image\"><a href=\"https:\/\/www.comecso.com\/observatorio\/las-industrias-culturales-y-el-libre-comercio-en-america-del-norte\" target=\"_blank\" rel=\"noreferrer noopener\"><img decoding=\"async\" src=\"https:\/\/www.comecso.com\/wp-content\/uploads\/2023\/05\/omid-armin-KAiLYSqRjTw-unsplash-e1684268119539-810x571.jpg\" alt=\"Las Industrias Culturales y el Libre Comercio en Am\u00e9rica del Norte\"\/><\/a><\/figure>\n\n\n\n<p>UNAM: Centro de Investigaciones Sobre America del Norte.<br>Mayo 2023.<\/p>\n\n\n\n<p>El Espacio Sociocultural en Norteam\u00e9rica.<br>Dr. Alejandro Mercado Celis.<\/p>\n\n\n\n<h5 class=\"wp-block-heading\">Adriel Flores Aguilar: Consultor en Thomson Reuters.<a href=\"https:\/\/www.comecso.com\/observatorio\/las-industrias-culturales-y-el-libre-comercio-en-america-del-norte#_ftn1\">[1]<\/a><\/h5>\n\n\n\n<h5 class=\"wp-block-heading\">Las Industrias Culturales y el Libre Comercio en Am\u00e9rica del Norte.<\/h5>\n\n\n\n<p>Existen algunos productos que exceden su valor utilitario, aquellos que durante su consumo ofrecen un contenido de identidad socio cultural para quien los consume. \u00a0Las industrias culturales funcionan como un puente entre las dimensiones abstractas como la cultura y las dimensiones econ\u00f3micas como el utilitarismo de los recursos. \u00a0Es tambi\u00e9n un mecanismo de gesti\u00f3n para las actividades de producci\u00f3n y circulaci\u00f3n de productos como la m\u00fasica, el cine, el teatro, la radio y la literatura.<\/p>\n\n\n\n<h5 class=\"wp-block-heading\"><a rel=\"noreferrer noopener\" href=\"https:\/\/www.comecso.com\/wp-content\/uploads\/2023\/05\/El-Espacio-Sociocultural-en-Norteam%C3%A9rica-Las-industrias-culturales.pdf\" target=\"_blank\">Descargar>><\/a><\/h5>\n\n\n\n<p><\/p>\n\n\n\n<p style=\"font-size:30px\"><a rel=\"noreferrer noopener\" href=\"https:\/\/www.comecso.com\/boletin\/lt.php?tid=eR4HVFIAUQNQBk8NWgYHG1FUAQsUCABUVRQEDgUAB1sAVlFSVlFMUwQBBgsBAwYbAFcKURQFVw9bFF8DA1EdAFNWAQdTAlQJAwdVRAoAAVRVWgtWFAgHDlAUUgdRBx1YU1ZVTANWBgFSVFINAAJSBA\" target=\"_blank\">20 Taller de Manejo de Equipo Audiovisual para la Investigaci\u00f3n Social<\/a><\/p>\n\n\n\n<figure class=\"wp-block-image\"><a href=\"https:\/\/www.comecso.com\/convocatorias\/20-taller-manejo-de-equipo-audiovisual-para-investigacion-social\" target=\"_blank\" rel=\"noreferrer noopener\"><img decoding=\"async\" src=\"https:\/\/www.comecso.com\/wp-content\/uploads\/2023\/05\/Taller-20-Vertical-810x1252.jpg\" alt=\"20 Taller de Manejo de Equipo Audiovisual para la Investigaci\u00f3n Social\"\/><\/a><\/figure>\n\n\n\n<h5 class=\"wp-block-heading\">El Instituto Mora, a trav\u00e9s de su Laboratorio Audiovisual de Investigaci\u00f3n Social, convoca al<\/h5>\n\n\n\n<h5 class=\"wp-block-heading\">20\u00b0 Taller de Manejo de Equipo Audiovisual para la Investigaci\u00f3n Social<\/h5>\n\n\n\n<p>19 al 23 de junio de 2023<br>10 a 14 hrs (Ciudad de M\u00e9xico)<br>Modalidad: Presencial y en l\u00ednea<\/p>\n\n\n\n<p><strong>Objetivo<\/strong><\/p>\n\n\n\n<p>Conocer las posibilidades del uso de fuentes audiovisuales en la investigaci\u00f3n social, poniendo \u00e9nfasis en la creaci\u00f3n y procesamiento de este tipo de registros.<\/p>\n\n\n\n<p>Introducir a las y los asistentes el manejo de equipo audiovisual como herramienta para la investigaci\u00f3n social y la difusi\u00f3n del conocimiento.<\/p>\n\n\n\n<p><strong>Requisitos<\/strong><\/p>\n\n\n\n<p>Subir carta de exposici\u00f3n de motivos y curr\u00edculum breve a:&nbsp;<a href=\"http:\/\/lais.mora.edu.mx\/convocatorias\/index.php\/815888?newtest=Y&amp;lang=es-MX\" target=\"_blank\" rel=\"noreferrer noopener\">lais.mora.edu.mx\/convocatorias<\/a><br>ANTES DEL&nbsp;29 DE MAYO&nbsp;DE 2023<\/p>\n\n\n\n<p>Publicaci\u00f3n de lista de aceptadas\/os 5 de junio de 2023<\/p>\n\n\n\n<p>CUPO LIMITADO<br>SIN COSTO<\/p>\n\n\n\n<p>Direcci\u00f3n<br>Poussin 45, San Juan, Benito Ju\u00e1rez, 03730 Ciudad de M\u00e9xico, CDMX, M\u00e9xico<\/p>\n\n\n\n<p><\/p>\n\n\n\n<p style=\"font-size:30px\"><a rel=\"noreferrer noopener\" href=\"https:\/\/www.comecso.com\/boletin\/lt.php?tid=eR4AWARRAVFVD08LDgFbG1FWVAsUCAEOUhRTUgMABwkHV1EHWgBMUwQBBgsBAwYbAFcKURQFVw9bFF8DA1EdAFNWAQdTAlQJAwdVRAoAAVRVWgtWFAgHDlAUUgdRBx1YU1ZVTANWBgFSVFINAAJSBA\" target=\"_blank\">Neoliberalismo: habitus y cuesti\u00f3n social<\/a><\/p>\n\n\n\n<figure class=\"wp-block-image\"><a href=\"https:\/\/www.comecso.com\/eventos\/neoliberalismo-habitus-y-cuestion-social\" target=\"_blank\" rel=\"noreferrer noopener\"><img decoding=\"async\" src=\"https:\/\/www.comecso.com\/wp-content\/uploads\/2023\/05\/Neoliberalismo-810x810.jpg\" alt=\"Neoliberalismo: habitus y cuesti\u00f3n social\"\/><\/a><\/figure>\n\n\n\n<p>Ponente: Dr. Mario Luis Fuentes Alcal\u00e1<br>PUED, UNAM<\/p>\n\n\n\n<p>Comenta: Dra. Ang\u00e9lica Cu\u00e9llar V\u00e1zquez<br>FCPyS, UNAM<\/p>\n\n\n\n<p>24 de mayo de 2023, 10:00 horas<\/p>\n\n\n\n<p>Modalidades<\/p>\n\n\n\n<p>Presencial y transmisi\u00f3n por Facebook Live<\/p>\n\n\n\n<p>Recinto: Casa Lol-Be, Calle 22 por calle 19 y avenida Col\u00f3n, colonia Garc\u00eda Giner\u00e9s, C.P. 97070, M\u00e9rida, Yucat\u00e1n, M\u00e9xico.<\/p>\n\n\n\n<p>Coordinan<\/p>\n\n\n\n<p>Dra. Cristina Puga Espinosa<br>FCPyS, CEPHCIS, UNAM<\/p>\n\n\n\n<p>Dr. Rub\u00e9n Torres Mart\u00ednez<br>CEPHCIS, UNAM<\/p>\n\n\n\n<p>Dra. Claudia D\u00e1vila Vald\u00e9s<br>CIR, Sociales, UADY<\/p>\n\n\n\n<p>Informes<\/p>\n\n\n\n<p><a href=\"mailto:extensionacademica@cepchis.unam.mx\">extensionacademica@cepchis.unam.mx<\/a><br><a href=\"http:\/\/www.cephcis.unam.mx\/\">www.cephcis.unam.mx<\/a><\/p>\n\n\n\n<p><\/p>\n\n\n\n<p style=\"font-size:30px\"><a rel=\"noreferrer noopener\" href=\"https:\/\/www.comecso.com\/boletin\/lt.php?tid=eR4EUlZWU1IDDk8JCQJVG1EFA1YUCABVWxQAVQZQVFwFBAIAWl1MUwQBBgsBAwYbAFcKURQFVw9bFF8DA1EdAFNWAQdTAlQJAwdVRAoAAVRVWgtWFAgHDlAUUgdRBx1YU1ZVTANWBgFSVFINAAJSBA\" target=\"_blank\">Una mirada interdisciplinaria sobre las enfermedades raras discapacitantes en M\u00e9xico<\/a><\/p>\n\n\n\n<figure class=\"wp-block-image\"><a href=\"https:\/\/www.comecso.com\/eventos\/una-mirada-interdisciplinaria-sobre-las-enfermedades-raras-discapacitantes-en-mexico\" target=\"_blank\" rel=\"noreferrer noopener\"><img decoding=\"async\" src=\"https:\/\/www.comecso.com\/wp-content\/uploads\/2023\/05\/Cartel-foro-810x1048.jpg\" alt=\"\"\/><\/a><\/figure>\n\n\n\n<h5 class=\"wp-block-heading\">Foro<br>Una mirada interdisciplinaria sobre las enfermedades raras discapacitantes en M\u00e9xico: el caso de Veracruz.<\/h5>\n\n\n\n<p>El foro tiene la finalidad de generar el intercambio de experiencias sobre la dimensi\u00f3n de la salud, as\u00ed como los aspectos pol\u00edticos y sociales que atraviesan a las personas que viven con enfermedades raras en M\u00e9xico y en el estado de Veracruz, desde m\u00faltiples miradas y campos disciplinares:&nbsp; Medicina, Gen\u00e9tica, Derecho y Antropolog\u00eda.<\/p>\n\n\n\n<p>Auditorio CIESAS Golfo. Av. Encanto S\/N esq. Antonio Nava. Colonia el Mirador. Xalapa, Veracruz.<br><a href=\"https:\/\/bluejeans.com\/315218339\" target=\"_blank\" rel=\"noreferrer noopener\">https:\/\/bluejeans.com\/315218339<\/a><br>id: 315 218 339<\/p>\n\n\n\n<p>31 de mayo \/ 1 de junio<br>10:00 hrs.<\/p>\n\n\n\n<p><strong>Coordinan:<\/strong>&nbsp;Dra. Andrea Cristina Moctezuma Balderas (Posdoctorante CIESAS-Golfo), Dra. Patricia Ponce (Profesora-Investigadora CIESAS-Golfo)<\/p>\n\n\n\n<p><strong>Informes:<\/strong>\u00a0<a href=\"mailto:andrea.moctezuma@ciesas.edu.mx\">andrea.moctezuma@ciesas.edu.mx<\/a><\/p>\n\n\n\n<p><\/p>\n\n\n\n<p style=\"font-size:30px\"><a rel=\"noreferrer noopener\" href=\"https:\/\/www.comecso.com\/boletin\/lt.php?tid=eR5TUlJTAlZWBk9eWwJSG1FUAlUUUwFVUBRUAANQUw4BVgUHAFFMUwQBBgsBAwYbAFcKURQFVw9bFF8DA1EdAFNWAQdTAlQJAwdVRAoAAVRVWgtWFAgHDlAUUgdRBx1YU1ZVTANWBgFSVFINAAJSBA\" target=\"_blank\">Un encuentro entre seguridad, tecnolog\u00eda y epidemiolog\u00eda<\/a><\/p>\n\n\n\n<figure class=\"wp-block-image\"><a href=\"https:\/\/www.comecso.com\/eventos\/un-encuentro-entre-seguridad-tecnologia-y-epidemiologia\" target=\"_blank\" rel=\"noreferrer noopener\"><img decoding=\"async\" src=\"https:\/\/www.comecso.com\/wp-content\/uploads\/2023\/05\/Seminario_TAS_31M-810x1134.jpg\" alt=\"Un encuentro entre seguridad, tecnolog\u00eda y epidemiolog\u00eda\"\/><\/a><\/figure>\n\n\n\n<p>Escuela Nacional de Estudios Superiores, M\u00e9rida<br>Seminario Permanente Tecnociencia, Ambiente y Sociedad<\/p>\n\n\n\n<p>Ciclo: Enfermedades infecciosas y emergentes desde la perspectiva CTS<\/p>\n\n\n\n<h5 class=\"wp-block-heading\">\u201cUn encuentro entre seguridad, tecnolog\u00eda y epidemiolog\u00eda: sobre la historia y pol\u00edtica colonial de los radares pand\u00e9micos\u201d<\/h5>\n\n\n\n<p>Ponente: Alexis Bedolla Vel\u00e1zquez<br>Centro de Investigaciones sobre Am\u00e9rica del Norte, UNAM<\/p>\n\n\n\n<p>Comenta: C\u00e9sar Guzm\u00e1n Tovar<br>ENES M\u00e9rida, UNAM<\/p>\n\n\n\n<p>31 de mayo de 2023, de 12:00 a 14:00 horas<\/p>\n\n\n\n<p><strong>Coordinan:<\/strong><\/p>\n\n\n\n<p>C\u00e9sar Guzm\u00e1n Tovar<br>Mar\u00eda Elena Giraldo Palacio<br>Eliana Arancibia Guti\u00e9rrez<\/p>\n\n\n\n<p><\/p>\n\n\n\n<p style=\"font-size:30px\"><a rel=\"noreferrer noopener\" href=\"https:\/\/www.comecso.com\/boletin\/lt.php?tid=eR4IWAZUCVNRD08BDVNRG1FaBFAUCFwCBhQHAANXBVtTUgJYUlRMUwQBBgsBAwYbAFcKURQFVw9bFF8DA1EdAFNWAQdTAlQJAwdVRAoAAVRVWgtWFAgHDlAUUgdRBx1YU1ZVTANWBgFSVFINAAJSBA\" target=\"_blank\">Gobernanza regional y global, \u00bfquo vadis?<\/a><\/p>\n\n\n\n<figure class=\"wp-block-image\"><a href=\"https:\/\/www.comecso.com\/convocatorias\/gobernanza-regional-y-global-quo-vadis\" target=\"_blank\" rel=\"noreferrer noopener\"><img decoding=\"async\" src=\"https:\/\/www.comecso.com\/wp-content\/uploads\/2023\/04\/Gobernanza-regional-y-global-810x463.jpeg\" alt=\"Gobernanza regional y global, \u00bfquo vadis?: Tendencias, posibilidades y anhelos\"\/><\/a><\/figure>\n\n\n\n<p>Fechas: 14, 15 y 16 de junio de 2023.<br>Modalidad: Virtual (v\u00eda Zoom).<br>Consultas y env\u00edos de propuestas:&nbsp;<a href=\"mailto:catedra.vitoria.lascasas@gmail.com\">catedra.vitoria.lascasas@gmail.com<\/a><\/p>\n\n\n\n<p><strong>MOTIVACI\u00d3N:<\/strong><\/p>\n\n\n\n<p>El siglo XX revolucion\u00f3 la Historia humana. Guerras mundiales, derechos humanos y globalizaci\u00f3n han marcado y condicionan las estructuras de poder y pensamiento contempor\u00e1neas. En este marco el presente siglo atestigua todo tipo de crisis regionales y globales: inestabilidad y depredaci\u00f3n econ\u00f3mica neoliberal, flujos migratorios, cambio clim\u00e1tico, populismos y autoritarismos, pandemia Covid-19 y ahora la invasi\u00f3n rusa de Ucrania, con la consiguiente amenaza nuclear. Pareciera que la humanidad se asoma al precipicio de su propia extinci\u00f3n, movida por la inercia de siglos de \u2018progreso\u2019 moderno que, sin embargo, nos ha llevado a esta situaci\u00f3n l\u00edmite. La gobernanza, o gobierno de las comunidades humanas en sentido amplio, deber\u00eda poder abordar y proponer soluciones a estos (y otros) acuciantes problemas. Hoy d\u00eda todo asunto p\u00fablico trasciende la localidad y se proyecta a escala regional y\/o global. En este sentido, resulta imprescindible estudiar las diversas formas de gobernanza con el prop\u00f3sito de comprender su funcionamiento, identificar retos y se\u00f1alar oportunidades de mejora.<\/p>\n\n\n\n<p>Ante el retorno a los nacionalismos y la crisis del multilateralismo es necesario repensar la gobernanza regional\/global tradicional debido al desencanto que se tiene de ese nivel de regulaci\u00f3n. Considerar formas novedosas para atender asuntos p\u00fablicos debe estar en el centro del an\u00e1lisis desde perspectivas interdisciplinarias y metodol\u00f3gicamente diversas. Este Seminario pretende contribuir a la reflexi\u00f3n sobre la gobernanza y las m\u00faltiples posibilidades que abre para atender problemas comunes a trav\u00e9s de los siguientes ejes.<\/p>\n\n\n\n<p><a rel=\"noreferrer noopener\" href=\"https:\/\/www.comecso.com\/wp-content\/uploads\/2023\/04\/Convocatoria-Seminario-Gobernanza_14-16-jun-2023.pdf\" target=\"_blank\">Descargar>><\/a><\/p>\n\n\n\n<p><\/p>\n\n\n\n<p style=\"font-size:30px\"><a rel=\"noreferrer noopener\" href=\"https:\/\/www.comecso.com\/boletin\/lt.php?tid=eR4JVABWUgAGAU9cAFRTG1FQUwEUU1xXVhQCBgcFAAEBAAdXVFFMUwQBBgsBAwYbAFcKURQFVw9bFF8DA1EdAFNWAQdTAlQJAwdVRAoAAVRVWgtWFAgHDlAUUgdRBx1YU1ZVTANWBgFSVFINAAJSBA\" target=\"_blank\">Ichan Tecolotl, n\u00fam. 372<\/a><\/p>\n\n\n\n<figure class=\"wp-block-image\"><a href=\"https:\/\/www.comecso.com\/publicaciones\/ichan-tecolotl-num-372\" target=\"_blank\" rel=\"noreferrer noopener\"><img decoding=\"async\" src=\"https:\/\/www.comecso.com\/wp-content\/uploads\/2023\/05\/IT-372-twitter-810x425.jpg\" alt=\"Ichan Tecolotl, n\u00fam. 372\"\/><\/a><\/figure>\n\n\n\n<h5 class=\"wp-block-heading\">Antropolog\u00eda m\u00e9dica y salud: alcances y prioridades sociales<\/h5>\n\n\n\n<h5 class=\"wp-block-heading\"><a href=\"https:\/\/ichan.ciesas.edu.mx\/\" target=\"_blank\" rel=\"noreferrer noopener\">Ver n\u00famero completo<\/a><\/h5>\n\n\n\n<p><strong>Presentaci\u00f3n<\/strong><\/p>\n\n\n\n<p>Joan Francisco Matamoros Sanin<br>CIESAS Pac\u00edfico Sur<\/p>\n\n\n\n<p>Laura Montesi Altamirano<br>Conahcyt\/CIESAS Pac\u00edfico Sur<\/p>\n\n\n\n<p>Entre el 12 de agosto y el 19 de noviembre del 2022, el CIESAS Pac\u00edfico Sur llev\u00f3 a cabo el diplomado \u201cAntropolog\u00eda m\u00e9dica y salud: Alcances y prioridades sociales\u201d en el que participaron cuarenta personas con perfiles biogr\u00e1ficos y profesionales diversos: reci\u00e9n egresados\/as de carreras en ciencias sociales y humanidades, personal de salud, investigadores, trabajadores de empresas privadas y organizaciones de la sociedad civil. Tuvimos la oportunidad de dialogar con asistentes de seis pa\u00edses de Am\u00e9rica Latina y algunos pertenecientes a pueblos ind\u00edgenas. A lo largo del diplomado, en el cual docentes con trayectorias destacadas brindaron sus conocimientos y experiencias, se abordaron muchos temas. Por ejemplo, la relaci\u00f3n entre antropolog\u00eda y medicinas; pluralismo m\u00e9dico, modelos y sistemas de salud (medicina alop\u00e1tica, tradicional, ind\u00edgena, popular, alternativa); morbimortalidad, macroestructuras y pol\u00edticas p\u00fablicas en salud; violencias y desigualdades en salud en las sociedades contempor\u00e1neas, entre otros.<\/p>\n\n\n\n<p><\/p>\n\n\n\n<p style=\"font-size:30px\"><a rel=\"noreferrer noopener\" href=\"https:\/\/www.comecso.com\/boletin\/lt.php?tid=eR4JU1JSCVVQAk9eXQFTG1FaBgsUCVYGBhQHAVJQBQgEBwBSVFNMUwQBBgsBAwYbAFcKURQFVw9bFF8DA1EdAFNWAQdTAlQJAwdVRAoAAVRVWgtWFAgHDlAUUgdRBx1YU1ZVTANWBgFSVFINAAJSBA\" target=\"_blank\">Plaza de profesor\/a-investigador\/a en estudios del desarrollo<\/a><\/p>\n\n\n\n<figure class=\"wp-block-image\"><a href=\"https:\/\/www.comecso.com\/oportunidades-de-trabajo\/plaza-de-profesora-investigadora-en-estudios-del-desarrollo\" target=\"_blank\" rel=\"noreferrer noopener\"><img decoding=\"async\" src=\"https:\/\/www.comecso.com\/wp-content\/uploads\/2023\/05\/Convocatoria-Plaza-El-Colegio-de-Sonora-CED-810x1145.jpg\" alt=\"Plaza en el Centro de Estudios del Desarrollo de El Colson\"\/><\/a><\/figure>\n\n\n\n<p>M\u00e1s informaci\u00f3n en:<\/p>\n\n\n\n<p><a href=\"https:\/\/www.comecso.com\/oportunidades-de-trabajo\/plaza-de-profesora-investigadora-en-estudios-del-desarrollo\">https:\/\/www.comecso.com\/oportunidades-de-trabajo\/plaza-de-profesora-investigadora-en-estudios-del-desarrollo<\/a><\/p>\n\n\n\n<p><\/p>\n\n\n\n<figure class=\"wp-block-image\"><img decoding=\"async\" src=\"https:\/\/ci4.googleusercontent.com\/proxy\/fymXb5F6D6310PWFsXcnmJdTWl763Ph3E5MIOwhwPdSETnSmv_cNby3SR2HtYgxtJtxTP5ecnmvLjzQZqu3Gcu0WM6gx9yHiSSi1Aj9ySHbIyhIQEOmwRVEFsrJOCxeytXw=s0-d-e1-ft#https:\/\/www.comecso.com\/wp-content\/uploads\/2016\/07\/featuredobservatorioCS-1.png\" alt=\"\"\/><\/figure>\n","protected":false},"excerpt":{"rendered":"<p>Convocatoria a la 6a Semana Nacional de las Ciencias Sociales 6\u00aa Semana Nacional de las Ciencias Socialesdel 9 al 13 de octubre de 2023 Se convoca a las entidades acad\u00e9micas de las ciencias sociales (escuelas, facultades, centros e institutos de investigaci\u00f3n) a participar en la 6a Semana Nacional de las Ciencias Sociales (6SNCS), del 9 [&hellip;]<\/p>\n","protected":false},"author":10,"featured_media":0,"comment_status":"closed","ping_status":"closed","sticky":false,"template":"","format":"standard","meta":{"_acf_changed":false,"footnotes":""},"categories":[1],"tags":[],"class_list":["post-29700","post","type-post","status-publish","format-standard","hentry","category-avisosyconvocatorias"],"acf":[],"_links":{"self":[{"href":"https:\/\/www.colef.mx\/elmuro\/wp-json\/wp\/v2\/posts\/29700"}],"collection":[{"href":"https:\/\/www.colef.mx\/elmuro\/wp-json\/wp\/v2\/posts"}],"about":[{"href":"https:\/\/www.colef.mx\/elmuro\/wp-json\/wp\/v2\/types\/post"}],"author":[{"embeddable":true,"href":"https:\/\/www.colef.mx\/elmuro\/wp-json\/wp\/v2\/users\/10"}],"replies":[{"embeddable":true,"href":"https:\/\/www.colef.mx\/elmuro\/wp-json\/wp\/v2\/comments?post=29700"}],"version-history":[{"count":1,"href":"https:\/\/www.colef.mx\/elmuro\/wp-json\/wp\/v2\/posts\/29700\/revisions"}],"predecessor-version":[{"id":29701,"href":"https:\/\/www.colef.mx\/elmuro\/wp-json\/wp\/v2\/posts\/29700\/revisions\/29701"}],"wp:attachment":[{"href":"https:\/\/www.colef.mx\/elmuro\/wp-json\/wp\/v2\/media?parent=29700"}],"wp:term":[{"taxonomy":"category","embeddable":true,"href":"https:\/\/www.colef.mx\/elmuro\/wp-json\/wp\/v2\/categories?post=29700"},{"taxonomy":"post_tag","embeddable":true,"href":"https:\/\/www.colef.mx\/elmuro\/wp-json\/wp\/v2\/tags?post=29700"}],"curies":[{"name":"wp","href":"https:\/\/api.w.org\/{rel}","templated":true}]}}