{"id":29689,"date":"2023-05-16T12:41:39","date_gmt":"2023-05-16T19:41:39","guid":{"rendered":"https:\/\/www.colef.mx\/elmuro\/?p=29689"},"modified":"2023-05-16T12:41:39","modified_gmt":"2023-05-16T19:41:39","slug":"el-colegio-de-sonora-convocatoria-plaza-investigador-investigadora","status":"publish","type":"post","link":"https:\/\/www.colef.mx\/elmuro\/el-colegio-de-sonora-convocatoria-plaza-investigador-investigadora\/","title":{"rendered":"El Colegio de Sonora, Convocatoria plaza investigador\/investigadora"},"content":{"rendered":"\n<figure class=\"wp-block-image\"><a href=\"https:\/\/www.comecso.com\/oportunidades-de-trabajo\/plaza-de-profesora-investigadora-en-estudios-del-desarrollo\" target=\"_blank\" rel=\"noreferrer noopener\"><img decoding=\"async\" src=\"https:\/\/www.comecso.com\/wp-content\/uploads\/2023\/05\/Convocatoria-Plaza-El-Colegio-de-Sonora-CED.jpg\" alt=\"Plaza de profesor\/a-investigador\/a en estudios del desarrollo - COMECSO\"\/><\/a><\/figure>\n\n\n\n<h5 class=\"wp-block-heading\">Concurso para ocupar plaza de profesora-investigadora\/profesor- investigador de tiempo completo en el<br>CENTRO DE ESTUDIOS DEL DESARROLLO<\/h5>\n\n\n\n<p><strong>REQUISITOS:&nbsp;&nbsp;&nbsp;&nbsp;&nbsp;<\/strong><\/p>\n\n\n\n<ol class=\"wp-block-list\"><li>Contar con el grado de doctorado en una disciplina af\u00edn a las Ciencias Sociales.<\/li><li>Experiencia en Investigaci\u00f3n en la l\u00ednea tem\u00e1tica:<br>G\u00e9nero, trabajo y violencias<\/li><li>Contar con publicaciones en obras arbitradas (revistas, libros) en tem\u00e1ticas vinculadas a la l\u00ednea de investigaci\u00f3n de la convocatoria.<\/li><li>Contar con experiencia docente en instituciones de educaci\u00f3n superior.<\/li><li>Capacidad para integrarse al equipo de trabajo del Centro de Estudios.<\/li><li>Pertenecer al Sistema Nacional de Investigadores (SNI), o contar con todos los requisitos para solicitar su ingreso en la convocatoria inmediata a su contrataci\u00f3n.<\/li><\/ol>\n\n\n\n<p><strong>DOCUMENTACI\u00d3N:<\/strong><\/p>\n\n\n\n<ul class=\"wp-block-list\"><li>Carta de solicitud donde exprese su inter\u00e9s por participar en la convocatoria (formato libre).<\/li><li>Curr\u00edculum Vitae y copia de documentaci\u00f3n probatoria.<\/li><li>Anteproyecto de investigaci\u00f3n en la l\u00ednea tem\u00e1tica convocada.<\/li><\/ul>\n\n\n\n<p><strong>ENV\u00cdO DE DOCUMENTACI\u00d3N<\/strong><\/p>\n\n\n\n<p>La documentaci\u00f3n se entregar\u00e1 por correo electr\u00f3nico o mensajer\u00eda dirigidos a:<\/p>\n\n\n\n<p>Dra. Am\u00e9rica Nallely Lutz Ley<br>Directora General Acad\u00e9mica<br><a href=\"mailto:dga@colson.edu.mx\">dga@colson.edu.mx<\/a><\/p>\n\n\n\n<p>y<\/p>\n\n\n\n<p>Dra. Mercedes Z\u00fa\u00f1iga Elizalde<br>Directora del Centro de Estudios del Desarrollo<br><a href=\"mailto:mzuniga@colson.edu.mx\">mzuniga@colson.edu.mx<\/a><\/p>\n\n\n\n<p><strong>FECHAS IMPORTANTES:<\/strong><\/p>\n\n\n\n<p>DEL 28 de ABRIL AL&nbsp;31 de JULIO de 2023<br>Recepci\u00f3n de solicitudes, de lunes a viernes, en horario de 8:00 a 15:00 horas<\/p>\n\n\n\n<p>PRESELECCI\u00d3N<br>14 de agosto de 2023<\/p>\n\n\n\n<p>ENTREVISTA<br>21 al 25 de agosto de 2023<\/p>\n\n\n\n<p>RESULTADOS<br>01 de septiembre de 2023<\/p>\n\n\n\n<p>INGRESO<br>02 de octubre de 2023<\/p>\n\n\n\n<p><strong>Para mayor informaci\u00f3n<\/strong>, comunicarse a los mismos correos, o al tel\u00e9fono<br>52 662 2 595300 (ext. 2226), de lunes a viernes, de 9:00 a 15:00 horas<\/p>\n\n\n\n<p>EL COLEGIO DE SONORA<br>Avenida Obreg\u00f3n # 54 entre Ya\u00f1ez y Garmendia, colonia Centro<br>C.P. 83000, Hermosillo, Sonora<\/p>\n","protected":false},"excerpt":{"rendered":"<p>Concurso para ocupar plaza de profesora-investigadora\/profesor- investigador de tiempo completo en elCENTRO DE ESTUDIOS DEL DESARROLLO REQUISITOS:&nbsp;&nbsp;&nbsp;&nbsp;&nbsp; Contar con el grado de doctorado en una disciplina af\u00edn a las Ciencias Sociales. Experiencia en Investigaci\u00f3n en la l\u00ednea tem\u00e1tica:G\u00e9nero, trabajo y violencias Contar con publicaciones en obras arbitradas (revistas, libros) en tem\u00e1ticas vinculadas a la l\u00ednea [&hellip;]<\/p>\n","protected":false},"author":10,"featured_media":0,"comment_status":"closed","ping_status":"closed","sticky":false,"template":"","format":"standard","meta":{"_acf_changed":false,"footnotes":""},"categories":[1],"tags":[],"class_list":["post-29689","post","type-post","status-publish","format-standard","hentry","category-avisosyconvocatorias"],"acf":[],"_links":{"self":[{"href":"https:\/\/www.colef.mx\/elmuro\/wp-json\/wp\/v2\/posts\/29689"}],"collection":[{"href":"https:\/\/www.colef.mx\/elmuro\/wp-json\/wp\/v2\/posts"}],"about":[{"href":"https:\/\/www.colef.mx\/elmuro\/wp-json\/wp\/v2\/types\/post"}],"author":[{"embeddable":true,"href":"https:\/\/www.colef.mx\/elmuro\/wp-json\/wp\/v2\/users\/10"}],"replies":[{"embeddable":true,"href":"https:\/\/www.colef.mx\/elmuro\/wp-json\/wp\/v2\/comments?post=29689"}],"version-history":[{"count":1,"href":"https:\/\/www.colef.mx\/elmuro\/wp-json\/wp\/v2\/posts\/29689\/revisions"}],"predecessor-version":[{"id":29690,"href":"https:\/\/www.colef.mx\/elmuro\/wp-json\/wp\/v2\/posts\/29689\/revisions\/29690"}],"wp:attachment":[{"href":"https:\/\/www.colef.mx\/elmuro\/wp-json\/wp\/v2\/media?parent=29689"}],"wp:term":[{"taxonomy":"category","embeddable":true,"href":"https:\/\/www.colef.mx\/elmuro\/wp-json\/wp\/v2\/categories?post=29689"},{"taxonomy":"post_tag","embeddable":true,"href":"https:\/\/www.colef.mx\/elmuro\/wp-json\/wp\/v2\/tags?post=29689"}],"curies":[{"name":"wp","href":"https:\/\/api.w.org\/{rel}","templated":true}]}}