{"id":29687,"date":"2023-05-16T12:36:17","date_gmt":"2023-05-16T19:36:17","guid":{"rendered":"https:\/\/www.colef.mx\/elmuro\/?p=29687"},"modified":"2023-05-16T12:36:17","modified_gmt":"2023-05-16T19:36:17","slug":"boletin-del-centro-de-investigaciones-en-optica-a-c-cio-15-al-21-de-mayo-2023","status":"publish","type":"post","link":"https:\/\/www.colef.mx\/elmuro\/boletin-del-centro-de-investigaciones-en-optica-a-c-cio-15-al-21-de-mayo-2023\/","title":{"rendered":"Bolet\u00edn del Centro de Investigaciones en \u00d3ptica, A.C. (CIO) | 15 al 21 de mayo | 2023"},"content":{"rendered":"\n<figure class=\"wp-block-image\"><a href=\"https:\/\/cio.mx\/archivos\/jpg\/tecnologia\/linkedincorreopubliANPIC.jpg\" target=\"_blank\" rel=\"noreferrer noopener\"><img decoding=\"async\" src=\"https:\/\/ci5.googleusercontent.com\/proxy\/YpfLhmYbr2LXfNKXAJ90B5tasM-9UI8yMWfK5HASwXsi9TknZciQYZWV15yX9FjfOx0wXeIdIz5SpuNpt43lgZeJsgN5CQFxSjJWvbjtJs55fao2DDVG3UmFwyVV=s0-d-e1-ft#https:\/\/cio.mx\/mailing\/img\/img_campanias\/campania2023_05_15_18_07_24_1.jpg\" alt=\"\"\/><\/a><\/figure>\n\n\n\n<p><em>ANPIC, la Feria de Am\u00e9rica,<\/em>\u00a0se celebr\u00f3 en Poliforum Le\u00f3n, presentando las novedades de empresas de M\u00e9xico e internacionales; en ella se pueden localizar mercados de la industria textil interesados en cursos de \u201cFormulaci\u00f3n de color textil\u201d, a quienes tambi\u00e9n se les ofrecen servicios de evaluaci\u00f3n hue test, formulaci\u00f3n, mediciones de color, base de datos para colorantes y medici\u00f3n de brillo. <\/p>\n\n\n\n<p><\/p>\n\n\n\n<figure class=\"wp-block-image\"><a href=\"https:\/\/congresos.cio.mx\/20_enc_mujer\/programa.php\" target=\"_blank\" rel=\"noreferrer noopener\"><img decoding=\"async\" src=\"https:\/\/ci3.googleusercontent.com\/proxy\/UnjwGk_Whwz_IdHid7ragwhSDSHu4wo8EGKl6ga55wfB_tnEK-wCuj9HiL409DR_9vgUuV0q6rTkCqzh33lm_5uE-OZser2N3C6q7_5YjMMo9HOFoyps9wLMq04C=s0-d-e1-ft#https:\/\/cio.mx\/mailing\/img\/img_campanias\/campania2023_05_15_14_06_51_2.jpg\" alt=\"\"\/><\/a><\/figure>\n\n\n\n<p> Este mi\u00e9rcoles 17 de mayo, inicia el\u00a0<em><strong>XX Encuentro Participaci\u00f3n de la Mujer en la Ciencia<\/strong>.<\/em>\u00a0Arrancaremos la jornada con las conferencias:\u00a0<em>\u00abLa vida de las estrellas y la formaci\u00f3n de los elementos qu\u00edmicos\u00bb<\/em>\u00a0a cargo de la Dra. Silvia Torres Peimbert del Instituto de Astronom\u00eda, UNAM, Cd. de M\u00e9xico, seguida de\u00a0<em>\u00abLos aportes de las mujeres en la ciencia como horizontes de acci\u00f3n e insumisi\u00f3n\u00bb<\/em>\u00a0de la Dra. Araceli Mendieta Ram\u00edrez, del Instituto de Estudios Superiores de la Cd. de M\u00e9xico Rosario Castellanos. <\/p>\n\n\n\n<p><\/p>\n\n\n\n<figure class=\"wp-block-image\"><a href=\"https:\/\/cio.mx\/noticio\/articulo.php?se=2520792&amp;s=35011&amp;gh=1890594\" target=\"_blank\" rel=\"noreferrer noopener\"><img decoding=\"async\" src=\"https:\/\/ci3.googleusercontent.com\/proxy\/j99v4oIUKH4vp0awEKTZ-Due4e2yY6YQ1UgudJJ86kB_HpAe8OmPf81hwneuUdtzekztm5m6PxKMGkyXn0Uo67t9eCa5sZElQ75rl55ZGLLSx-WtWWz04XV7sD-r=s0-d-e1-ft#https:\/\/cio.mx\/mailing\/img\/img_campanias\/campania2023_05_15_14_06_51_3.jpg\" alt=\"\"\/><\/a><\/figure>\n\n\n\n<p> \u00abLas Matem\u00e1ticas, F\u00edsica y Qu\u00edmica nos ayudan a agilizar nuestro pensamiento en la resoluci\u00f3n de problemas de una manera ingeniosa y atractiva; adem\u00e1s, debe haber un punto \u00fatil. Que siempre tengan imaginaci\u00f3n, ya que quien tiene imaginaci\u00f3n tiene sue\u00f1os, quien tiene sue\u00f1os se propone metas, quien tiene metas las cumple y al cumplirlas cumple sus sue\u00f1os.\u00bb <\/p>\n\n\n\n<p><\/p>\n\n\n\n<figure class=\"wp-block-image\"><a href=\"https:\/\/cio.mx\/noticio\/articulo.php?se=2509488&amp;s=34854&amp;gh=1882116\" target=\"_blank\" rel=\"noreferrer noopener\"><img decoding=\"async\" src=\"https:\/\/ci5.googleusercontent.com\/proxy\/U4EtswUWLrFALc2ZdqoglIqkOvTv-Bx3e1hZ8Kf1N8Y78lcgLtMqgWvbKbJJqSqBFUnvLQDE9sw7EThZBj6BBW_1916A6FYxCthHg7ebuV67BSXWRCzxIwnXxskP=s0-d-e1-ft#https:\/\/cio.mx\/mailing\/img\/img_campanias\/campania2023_05_15_14_06_51_4.jpg\" alt=\"\"\/><\/a><\/figure>\n\n\n\n<p> \u00abMi labor inicia en el entendimiento del problema y sus requerimientos para la elaboraci\u00f3n de una propuesta, identificando los recursos necesarios para lograr el producto final que se entregar\u00e1 al cliente. Entre compa\u00f1eros de distintas disciplinas definimos el alcance del proyecto, estimamos tiempos y costos. Luego viene el desarrollo (donde desarrollo software), la entrega del producto (con manuales), capacitaci\u00f3n para su uso y mantenimiento, y finalmente una etapa de soporte t\u00e9cnico.\u00bb <\/p>\n\n\n\n<p><\/p>\n\n\n\n<figure class=\"wp-block-image\"><a href=\"https:\/\/www.am.com.mx\/opinion\/2023\/5\/6\/la-edad-de-las-estrellas-659045.html\" target=\"_blank\" rel=\"noreferrer noopener\"><img decoding=\"async\" src=\"https:\/\/ci4.googleusercontent.com\/proxy\/9HlT8ZYAmiTtZVw45l4oTaDNvkd8zkiklH25hE8HNhcOR9S7YGjcXWdJvCBhe9YdLsMn-SYoYc0uUG9JdHkMsV81xnkp9sV0t7R7ZHpP0qsLvIlLeDagZZDnSYs6=s0-d-e1-ft#https:\/\/cio.mx\/mailing\/img\/img_campanias\/campania2023_05_15_14_06_51_5.jpg\" alt=\"\"\/><\/a><\/figure>\n\n\n\n<p>\n\nLa revista&nbsp;<em>\u201cScience News\u201d<\/em>&nbsp;public\u00f3 en su \u00faltimo n\u00famero un interesante art\u00edculo sobre la edad de las estrellas firmado por Grossman y Thompson. Se se\u00f1ala que desde hace siglos el hombre ha observado estrellas y muchos astr\u00f3nomos profesionales y amateurs son capaces de determinar caracter\u00edsticas de estrellas como su masa o composici\u00f3n.\n\n<\/p>\n","protected":false},"excerpt":{"rendered":"<p>ANPIC, la Feria de Am\u00e9rica,\u00a0se celebr\u00f3 en Poliforum Le\u00f3n, presentando las novedades de empresas de M\u00e9xico e internacionales; en ella se pueden localizar mercados de la industria textil interesados en cursos de \u201cFormulaci\u00f3n de color textil\u201d, a quienes tambi\u00e9n se les ofrecen servicios de evaluaci\u00f3n hue test, formulaci\u00f3n, mediciones de color, base de datos para [&hellip;]<\/p>\n","protected":false},"author":10,"featured_media":0,"comment_status":"closed","ping_status":"closed","sticky":false,"template":"","format":"standard","meta":{"_acf_changed":false,"footnotes":""},"categories":[1],"tags":[],"class_list":["post-29687","post","type-post","status-publish","format-standard","hentry","category-avisosyconvocatorias"],"acf":[],"_links":{"self":[{"href":"https:\/\/www.colef.mx\/elmuro\/wp-json\/wp\/v2\/posts\/29687"}],"collection":[{"href":"https:\/\/www.colef.mx\/elmuro\/wp-json\/wp\/v2\/posts"}],"about":[{"href":"https:\/\/www.colef.mx\/elmuro\/wp-json\/wp\/v2\/types\/post"}],"author":[{"embeddable":true,"href":"https:\/\/www.colef.mx\/elmuro\/wp-json\/wp\/v2\/users\/10"}],"replies":[{"embeddable":true,"href":"https:\/\/www.colef.mx\/elmuro\/wp-json\/wp\/v2\/comments?post=29687"}],"version-history":[{"count":1,"href":"https:\/\/www.colef.mx\/elmuro\/wp-json\/wp\/v2\/posts\/29687\/revisions"}],"predecessor-version":[{"id":29688,"href":"https:\/\/www.colef.mx\/elmuro\/wp-json\/wp\/v2\/posts\/29687\/revisions\/29688"}],"wp:attachment":[{"href":"https:\/\/www.colef.mx\/elmuro\/wp-json\/wp\/v2\/media?parent=29687"}],"wp:term":[{"taxonomy":"category","embeddable":true,"href":"https:\/\/www.colef.mx\/elmuro\/wp-json\/wp\/v2\/categories?post=29687"},{"taxonomy":"post_tag","embeddable":true,"href":"https:\/\/www.colef.mx\/elmuro\/wp-json\/wp\/v2\/tags?post=29687"}],"curies":[{"name":"wp","href":"https:\/\/api.w.org\/{rel}","templated":true}]}}