{"id":29685,"date":"2023-05-16T12:32:32","date_gmt":"2023-05-16T19:32:32","guid":{"rendered":"https:\/\/www.colef.mx\/elmuro\/?p=29685"},"modified":"2023-05-16T12:32:32","modified_gmt":"2023-05-16T19:32:32","slug":"encuentro-nacional-de-escritores-jovenes-enej-jesus-gardea","status":"publish","type":"post","link":"https:\/\/www.colef.mx\/elmuro\/encuentro-nacional-de-escritores-jovenes-enej-jesus-gardea\/","title":{"rendered":"Encuentro Nacional de Escritores J\u00f3venes (ENEJ) Jes\u00fas Gardea"},"content":{"rendered":"\n<figure class=\"wp-block-image\"><a href=\"https:\/\/drive.google.com\/file\/d\/1adT53AU9fAoDoSUwq-x7ORTMd7y4VyOw\/view\" target=\"_blank\" rel=\"noreferrer noopener\"><img decoding=\"async\" src=\"https:\/\/scontent.ftij1-1.fna.fbcdn.net\/v\/t39.30808-6\/344896590_556389793216075_3542571409710316902_n.jpg?_nc_cat=111&amp;ccb=1-7&amp;_nc_sid=8bfeb9&amp;_nc_ohc=DaToIw0B5rIAX9lXa3l&amp;_nc_ht=scontent.ftij1-1.fna&amp;oh=00_AfDkkoHxy5LwfqamTfL3rtNzBD9svyFQYf3Pb0s7ukH75g&amp;oe=646815BB\" alt=\"Puede ser una ilustraci\u00f3n de p\u00f3ster, revista y texto que dice &quot;ENCUENTRO NACIONAL DE ESCRITORES J\u00c3VENES. JES\u00daS GARDEA. comit\u00e9 organizador Encuentro Nacional Jes\u00fas invita emision realizar 5 29d Chihuahua de Escritores d\u00e9cima 2023 disciplinas: De proyectos LITERATURA DEL DESIERTO. as\u00ed culturales deber extenderse mas Con asunto: Convocatoria un de original cover. Convocatona Musica trabajo queda rupo. video de minutos. trabajo envia queda grupo. video minutos asunto: Convocatoria Teatro podr\u00e1n NOTA: Las resentaciones llevar\u00e1n cabo en locaciones emblem\u00e1ticas Chihuahua. selecci\u00f3n t\u00e9cnica, datos fotografias frontera, formato como contacto e exto descriptiva de etc\u00e9tera. im\u00e1genes; DESDE SELECCIONAPARTIR DEL enej2023@gmail con Con 27 DEFEBRERO HASTA ICIPANTES CURSO DOCUMENTOS DEBERAN especificado cuerpo correo datos contacto&quot;\"\/><\/a><figcaption><br><\/figcaption><\/figure>\n\n\n\n<figure class=\"wp-block-image\"><a href=\"https:\/\/drive.google.com\/file\/d\/1adT53AU9fAoDoSUwq-x7ORTMd7y4VyOw\/view\" target=\"_blank\" rel=\"noreferrer noopener\"><img decoding=\"async\" src=\"https:\/\/scontent.ftij1-2.fna.fbcdn.net\/v\/t39.30808-6\/344905943_766364534941738_6190664450836920158_n.jpg?_nc_cat=106&amp;ccb=1-7&amp;_nc_sid=8bfeb9&amp;_nc_ohc=xQT96KaUbuQAX8oTNCP&amp;_nc_ht=scontent.ftij1-2.fna&amp;oh=00_AfA1YQCZ61r_MJnqedB5Ml5YRHs3Wv8DVVGbSKkzeN9PMA&amp;oe=6469004E\" alt=\"Puede ser una ilustraci\u00f3n de p\u00f3ster, revista y texto\"\/><\/a><\/figure>\n\n\n\n<p><strong>Encuentro Nacional de Escritores J\u00f3venes (ENEJ) Jes\u00fas Gardea<\/strong>, edici\u00f3n 2023, la cual se mantendr\u00e1 abierta hasta el mi\u00e9rcoles 17 de mayo a las 11:59 PM (hora centro de M\u00e9xico). Dicho Encuentro, dirigido a j\u00f3venes de entre 18 y 29 a\u00f1os, tendr\u00e1 lugar del lunes 25 al viernes 29 del presente a\u00f1o en\u00a0<strong>Chihuahua, Chihuahua<\/strong>. <\/p>\n\n\n\n<p><a href=\"https:\/\/drive.google.com\/file\/d\/1adT53AU9fAoDoSUwq-x7ORTMd7y4VyOw\/view\">https:\/\/drive.google.com\/file\/d\/1adT53AU9fAoDoSUwq-x7ORTMd7y4VyOw\/view<\/a><\/p>\n","protected":false},"excerpt":{"rendered":"<p>Encuentro Nacional de Escritores J\u00f3venes (ENEJ) Jes\u00fas Gardea, edici\u00f3n 2023, la cual se mantendr\u00e1 abierta hasta el mi\u00e9rcoles 17 de mayo a las 11:59 PM (hora centro de M\u00e9xico). Dicho Encuentro, dirigido a j\u00f3venes de entre 18 y 29 a\u00f1os, tendr\u00e1 lugar del lunes 25 al viernes 29 del presente a\u00f1o en\u00a0Chihuahua, Chihuahua. https:\/\/drive.google.com\/file\/d\/1adT53AU9fAoDoSUwq-x7ORTMd7y4VyOw\/view<\/p>\n","protected":false},"author":10,"featured_media":0,"comment_status":"closed","ping_status":"closed","sticky":false,"template":"","format":"standard","meta":{"_acf_changed":false,"footnotes":""},"categories":[1],"tags":[],"class_list":["post-29685","post","type-post","status-publish","format-standard","hentry","category-avisosyconvocatorias"],"acf":[],"_links":{"self":[{"href":"https:\/\/www.colef.mx\/elmuro\/wp-json\/wp\/v2\/posts\/29685"}],"collection":[{"href":"https:\/\/www.colef.mx\/elmuro\/wp-json\/wp\/v2\/posts"}],"about":[{"href":"https:\/\/www.colef.mx\/elmuro\/wp-json\/wp\/v2\/types\/post"}],"author":[{"embeddable":true,"href":"https:\/\/www.colef.mx\/elmuro\/wp-json\/wp\/v2\/users\/10"}],"replies":[{"embeddable":true,"href":"https:\/\/www.colef.mx\/elmuro\/wp-json\/wp\/v2\/comments?post=29685"}],"version-history":[{"count":1,"href":"https:\/\/www.colef.mx\/elmuro\/wp-json\/wp\/v2\/posts\/29685\/revisions"}],"predecessor-version":[{"id":29686,"href":"https:\/\/www.colef.mx\/elmuro\/wp-json\/wp\/v2\/posts\/29685\/revisions\/29686"}],"wp:attachment":[{"href":"https:\/\/www.colef.mx\/elmuro\/wp-json\/wp\/v2\/media?parent=29685"}],"wp:term":[{"taxonomy":"category","embeddable":true,"href":"https:\/\/www.colef.mx\/elmuro\/wp-json\/wp\/v2\/categories?post=29685"},{"taxonomy":"post_tag","embeddable":true,"href":"https:\/\/www.colef.mx\/elmuro\/wp-json\/wp\/v2\/tags?post=29685"}],"curies":[{"name":"wp","href":"https:\/\/api.w.org\/{rel}","templated":true}]}}