{"id":29670,"date":"2023-05-09T11:25:46","date_gmt":"2023-05-09T18:25:46","guid":{"rendered":"https:\/\/www.colef.mx\/elmuro\/?p=29670"},"modified":"2023-05-09T11:25:46","modified_gmt":"2023-05-09T18:25:46","slug":"boletin-del-consejo-mexicano-de-ciencias-sociales-163","status":"publish","type":"post","link":"https:\/\/www.colef.mx\/elmuro\/boletin-del-consejo-mexicano-de-ciencias-sociales-163\/","title":{"rendered":"Bolet\u00edn del Consejo Mexicano de Ciencias Sociales"},"content":{"rendered":"\n<p style=\"font-size:30px\"><a rel=\"noreferrer noopener\" href=\"https:\/\/www.comecso.com\/boletin\/lt.php?tid=eR4FA1NdUwBUU08BDAVRG1ECA1UUCV0EUBQFAFYBAF9QAQZUVgJMAgZUBlpaBAYbUVZTAhQFBwJWFF8GUwEdDVMEVAMBBVVWUwUBRAoAAVRVWgtWFAgHDlAUUgdRBx1YU1ZVTANWBgFSVFINAAJSBA\" target=\"_blank\">Grupo de Trabajo sobre El humor, la risa y las jerarqu\u00edas<\/a><\/p>\n\n\n\n<figure class=\"wp-block-image\"><a href=\"https:\/\/www.comecso.com\/convocatorias\/grupo-de-trabajo-sobre-el-humor-la-risa-y-las-jerarquias\" target=\"_blank\" rel=\"noreferrer noopener\"><img decoding=\"async\" src=\"https:\/\/www.comecso.com\/wp-content\/uploads\/2016\/09\/slider2-810x298.jpg\" alt=\"\"\/><\/a><\/figure>\n\n\n\n<p>Grupo de Trabajo sobre<br>El humor, la risa y las jerarqu\u00edas<\/p>\n\n\n\n<p>En las Ciencias sociales y las Humanidades se han desarrollado varios enfoques acerca del humor y la risa como formas de desaf\u00edo a \u00f3rdenes jer\u00e1rquicos. Sin embargo, esos estudios se han comunicado poco entre s\u00ed. Uno de los objetivos de este Grupo de Trabajo es dar cuenta de esos enfoques y procurar ponerlos en comunicaci\u00f3n a fin de compartir teor\u00edas, metodolog\u00edas y hallazgos que permitan replantear su estudio desde una perspectiva interdisciplinaria e integral.<\/p>\n\n\n\n<p>El humor y la risa son socialmente construidos y pueden tener una variedad de intenciones y consecuencias, deliberadas o no. Diferentes culturas se r\u00eden de y muestran respeto a diferentes objetos, por lo que son un aspecto de las formas de distinci\u00f3n y clasificaci\u00f3n entre lo sagrado y lo profano (Durkheim 1915; Durkheim and Mauss [1903] 1963). El humor y la risa son contextuales y relacionales. Si pensamos esas relaciones como una triada tenemos, por un lado, a una parte que se r\u00ede, un objeto del que se r\u00ede y una tercera parte que constituye el p\u00fablico de esa relaci\u00f3n.<\/p>\n\n\n\n<p><strong>FECHAS IMPORTANTES<\/strong><\/p>\n\n\n\n<ul class=\"wp-block-list\"><li>Fecha l\u00edmite para la recepci\u00f3n de propuestas: 1 de junio del 2023.<\/li><li>A m\u00e1s tardar el 15 de junio, los coordinadores notificar\u00e1n a los autores si sus propuestas fueron aceptadas.<\/li><li>Los seminarios virtuales se programar\u00e1n a partir de agosto del<\/li><li>Para ser incluido en el programa, los ponentes deber\u00e1n enviar un borrador completo del trabajo que van a exponer por lo menos con una semana de anticipaci\u00f3n a la fecha en la que se presentar\u00e1 en el seminario virtual a fin de que sea distribuido entre los participantes y se dedique el tiempo a la discusi\u00f3n.<\/li><\/ul>\n\n\n\n<h5 class=\"wp-block-heading\"><a rel=\"noreferrer noopener\" href=\"https:\/\/www.comecso.com\/wp-content\/uploads\/2023\/04\/Convocatoria-GTHyR.pdf\" target=\"_blank\">Descargar<\/a><\/h5>\n\n\n\n<p><\/p>\n\n\n\n<p style=\"font-size:30px\"><a rel=\"noreferrer noopener\" href=\"https:\/\/www.comecso.com\/boletin\/lt.php?tid=eR5TA1NQCAFWBU8AW1ZVG1EGAlYUUAFXVBRXVwFRUw8DVAEAVVJMAgZUBlpaBAYbUVZTAhQFBwJWFF8GUwEdDVMEVAMBBVVWUwUBRAoAAVRVWgtWFAgHDlAUUgdRBx1YU1ZVTANWBgFSVFINAAJSBA\" target=\"_blank\">Grupo de Trabajo sobre Desastres<\/a><\/p>\n\n\n\n<figure class=\"wp-block-image\"><a href=\"https:\/\/www.comecso.com\/convocatorias\/trabajo-sobre-desastres\" target=\"_blank\" rel=\"noreferrer noopener\"><img decoding=\"async\" src=\"https:\/\/www.comecso.com\/wp-content\/uploads\/2016\/09\/slider2-810x298.jpg\" alt=\"\"\/><\/a><\/figure>\n\n\n\n<p>Grupo de Trabajo sobre Desastres<\/p>\n\n\n\n<p>Los desastres son procesos sociohist\u00f3ricos que reflejan las condiciones de existencia de las sociedades que los experimentan. A pesar de que durante mucho tiempo han sido analizados a trav\u00e9s de los fen\u00f3menos socionaturales amenazantes, es cada vez m\u00e1s relevante el estudio de los aspectos pol\u00edticos, comunicacionales y organizacionales de los desastres, los cuales se consideran un objeto de estudio cada vez m\u00e1s relevante, por su creciente impacto social.<\/p>\n\n\n\n<p>De acuerdo con el director del Centro Nacional de Prevenci\u00f3n de Desastres,<a href=\"https:\/\/www.comecso.com\/convocatorias\/trabajo-sobre-desastres#_ftn1\">[1]<\/a>\u00a0en los \u00faltimos veinte a\u00f1os los desastres en M\u00e9xico han tenido un costo promedio anual de 26 mil millones de pesos, con un acumulado en estas dos d\u00e9cadas de 591 mil millones de pesos. Eso se ha traducido, en ese periodo, en p\u00e9rdidas en 13 millones de hect\u00e1reas de cultivo, da\u00f1os a 40 mil escuelas, afectaciones directas o indirectas a 60 millones de personas y 11,215 fallecimientos. Cabe se\u00f1alar, sin embargo, que estos an\u00e1lisis no incluyen los impactos negativos del desastre asociado a la pandemia por COVID-19, la cual no ha sido considerada oficialmente como un \u2018desastre\u2019 bajo los t\u00e9rminos de la legislaci\u00f3n existente en M\u00e9xico, a pesar de que las cifras oficiales consideraron 33,100 defunciones y 7.47 millones de casos confirmados.<a href=\"https:\/\/www.comecso.com\/convocatorias\/trabajo-sobre-desastres#_ftn2\">[2]<\/a>\u00a0A\u00fan en su dimensi\u00f3n catastr\u00f3fica, estas est\u00e1n muy por debajo de los estimados reales de mortalidad en exceso derivados de los modelos epidemiol\u00f3gicos a nivel mundial. Se debe considerar tambi\u00e9n, como parte de las consecuencias del desastre asociado al COVID-19, el retroceso extensamente documentado en las tres dimensiones del desarrollo humano (salud, educaci\u00f3n e ingreso) y deterioro en materia de atenci\u00f3n a la salud, en la calidad y sostenimiento de la matr\u00edcula escolar, as\u00ed como en el ingreso, especialmente el asociado al empleo formal.<a href=\"https:\/\/www.comecso.com\/convocatorias\/trabajo-sobre-desastres#_ftn3\">[3]<\/a><\/p>\n\n\n\n<p><strong>FECHAS IMPORTANTES<\/strong><\/p>\n\n\n\n<ul class=\"wp-block-list\"><li>Fecha l\u00edmite para la recepci\u00f3n de propuestas: 9 de junio de 2023.<\/li><li>El 30 de junio de 2023, a m\u00e1s tardar, se notificar\u00e1 a los autores si sus propuestas fueron aceptadas.<\/li><li>Los seminarios virtuales se programar\u00e1n entre agosto y noviembre de 2023.<\/li><li>Para ser incluido en el programa, los ponentes deber\u00e1n enviar un borrador completo del trabajo que van a exponer por lo menos con una semana de anticipaci\u00f3n a la fecha en la que se presentar\u00e1 en el seminario virtual a fin de que sea distribuido entre los participantes y se dedique el tiempo a la discusi\u00f3n.<\/li><\/ul>\n\n\n\n<p>Las presentaciones podr\u00e1n ser consideradas para la preparaci\u00f3n de una publicaci\u00f3n acad\u00e9mica, previa discusi\u00f3n en el seminario, evaluaci\u00f3n por pares y revisi\u00f3n editorial.<\/p>\n\n\n\n<p><a rel=\"noreferrer noopener\" href=\"https:\/\/www.comecso.com\/wp-content\/uploads\/2023\/03\/GT_Desastres_Convocatoria_final1.pdf\" target=\"_blank\">Descargar<\/a><\/p>\n\n\n\n<p><\/p>\n\n\n\n<p style=\"font-size:30px\"><a rel=\"noreferrer noopener\" href=\"https:\/\/www.comecso.com\/boletin\/lt.php?tid=eR4IWAZUCVNRD08BDVNRG1FaBFAUCFwCBhQHAANXBVtTUgJYUlRMAgZUBlpaBAYbUVZTAhQFBwJWFF8GUwEdDVMEVAMBBVVWUwUBRAoAAVRVWgtWFAgHDlAUUgdRBx1YU1ZVTANWBgFSVFINAAJSBA\" target=\"_blank\">Gobernanza regional y global, \u00bfquo vadis?<\/a><\/p>\n\n\n\n<figure class=\"wp-block-image\"><a href=\"https:\/\/www.comecso.com\/convocatorias\/gobernanza-regional-y-global-quo-vadis\" target=\"_blank\" rel=\"noreferrer noopener\"><img decoding=\"async\" src=\"https:\/\/www.comecso.com\/wp-content\/uploads\/2023\/04\/Gobernanza-regional-y-global-810x463.jpeg\" alt=\"Gobernanza regional y global, \u00bfquo vadis?: Tendencias, posibilidades y anhelos\"\/><\/a><\/figure>\n\n\n\n<p>Fechas: 14, 15 y 16 de junio de 2023.<br>Modalidad: Virtual (v\u00eda Zoom).<br>Consultas y env\u00edos de propuestas:&nbsp;<a href=\"mailto:catedra.vitoria.lascasas@gmail.com\">catedra.vitoria.lascasas@gmail.com<\/a><\/p>\n\n\n\n<p><strong>MOTIVACI\u00d3N:<\/strong><\/p>\n\n\n\n<p>El siglo XX revolucion\u00f3 la Historia humana. Guerras mundiales, derechos humanos y globalizaci\u00f3n han marcado y condicionan las estructuras de poder y pensamiento contempor\u00e1neas. En este marco el presente siglo atestigua todo tipo de crisis regionales y globales: inestabilidad y depredaci\u00f3n econ\u00f3mica neoliberal, flujos migratorios, cambio clim\u00e1tico, populismos y autoritarismos, pandemia Covid-19 y ahora la invasi\u00f3n rusa de Ucrania, con la consiguiente amenaza nuclear. Pareciera que la humanidad se asoma al precipicio de su propia extinci\u00f3n, movida por la inercia de siglos de \u2018progreso\u2019 moderno que, sin embargo, nos ha llevado a esta situaci\u00f3n l\u00edmite. La gobernanza, o gobierno de las comunidades humanas en sentido amplio, deber\u00eda poder abordar y proponer soluciones a estos (y otros) acuciantes problemas. Hoy d\u00eda todo asunto p\u00fablico trasciende la localidad y se proyecta a escala regional y\/o global. En este sentido, resulta imprescindible estudiar las diversas formas de gobernanza con el prop\u00f3sito de comprender su funcionamiento, identificar retos y se\u00f1alar oportunidades de mejora.<\/p>\n\n\n\n<p>Ante el retorno a los nacionalismos y la crisis del multilateralismo es necesario repensar la gobernanza regional\/global tradicional debido al desencanto que se tiene de ese nivel de regulaci\u00f3n. Considerar formas novedosas para atender asuntos p\u00fablicos debe estar en el centro del an\u00e1lisis desde perspectivas interdisciplinarias y metodol\u00f3gicamente diversas. Este Seminario pretende contribuir a la reflexi\u00f3n sobre la gobernanza y las m\u00faltiples posibilidades que abre para atender problemas comunes a trav\u00e9s de los siguientes ejes.<\/p>\n\n\n\n<p><a rel=\"noreferrer noopener\" href=\"https:\/\/www.comecso.com\/wp-content\/uploads\/2023\/04\/Convocatoria-Seminario-Gobernanza_14-16-jun-2023.pdf\" target=\"_blank\">Descargar>><\/a><\/p>\n\n\n\n<p><\/p>\n\n\n\n<p style=\"font-size:30px\"><a rel=\"noreferrer noopener\" href=\"https:\/\/www.comecso.com\/boletin\/lt.php?tid=eR4DBwMFBVIGDk8BAAtXG1FTBlAUUFNQVhQHB1NQA11SUgYAVlVMAgZUBlpaBAYbUVZTAhQFBwJWFF8GUwEdDVMEVAMBBVVWUwUBRAoAAVRVWgtWFAgHDlAUUgdRBx1YU1ZVTANWBgFSVFINAAJSBA\" target=\"_blank\">IX Coloquio CEPHCIS en la Pen\u00ednsula<\/a><\/p>\n\n\n\n<figure class=\"wp-block-image\"><a href=\"https:\/\/www.comecso.com\/convocatorias\/ix-coloquio-cephcis-en-la-peninsula\" target=\"_blank\" rel=\"noreferrer noopener\"><img decoding=\"async\" src=\"https:\/\/www.comecso.com\/wp-content\/uploads\/2023\/05\/ix-coloquio-cephcis-810x1440.jpg\" alt=\"IX Coloquio CEPHCIS en la Pen\u00ednsula\"\/><\/a><\/figure>\n\n\n\n<h5 class=\"wp-block-heading\">IX Coloquio CEPHCIS en la Pen\u00ednsula<br>La pen\u00ednsula de Yucat\u00e1n en la encrucijada del siglo XXI: sociedad, cultura, territorio y medio ambiente<\/h5>\n\n\n\n<p>Desde \ufb01nales del siglo pasado, pero de forma m\u00e1s evidente a lo largo del siglo XXI, la pen\u00ednsula de&nbsp; Yucat\u00e1n ha sido escenario de grandes transformaciones. Un territorio con baja densidad de poblaci\u00f3n, inmensamente rico en patrimonio cultural y en recursos naturales (incluidos los paisaj\u00edsticos), en el cual la pobreza rural es la norma, pero cuyas ciudades principales han crecido de manera vertiginosa en t\u00e9rminos demogr\u00e1\ufb01cos y econ\u00f3micos. Estos cambios se traducen en impactos diversi\ufb01cados que es menester analizar en su justa dimensi\u00f3n, considerando las luces y las sombras de estos procesos.<\/p>\n\n\n\n<p>En ese contexto temporal y geogr\u00e1\ufb01co, el CEPHCIS convoca a quienes estudian la sociedad, la cultura, el territorio y el medio ambiente, que se especializan en temas de la Pen\u00ednsula y su \u00e1rea de in\ufb02uencia (Chiapas, Tabasco, Centroam\u00e9rica y El Caribe), a proponer ponencias para su pr\u00f3ximo Coloquio, a celebrarse del 21 al 24 de noviembre de 2023.<\/p>\n\n\n\n<p>Sin pretender agotar los rubros tem\u00e1ticos, a continuaci\u00f3n, se mencionan algunos sobre los cuales se centrar\u00edan el an\u00e1lisis, la discusi\u00f3n y las re\ufb02exiones colectivas:<\/p>\n\n\n\n<ul class=\"wp-block-list\"><li>Transformaciones y din\u00e1micas sociales y demogr\u00e1\ufb01cas: migraci\u00f3n, inmigraci\u00f3n, religiosidad, educaci\u00f3n, g\u00e9nero, juventudes, violencia, segregaci\u00f3n, exclusi\u00f3n, pobreza, estrategias de sobrevivencia y gentri\ufb01caci\u00f3n, entre otras.<\/li><li>Etnicidad: pervivencia de la especi\ufb01cidad cultural y ling\u00fc\u00edstica de los grupos que habitan en la Pen\u00ednsula, as\u00ed como las transformaciones que han experimentado<\/li><li>Mercantilizaci\u00f3n del patrimonio<\/li><li>Producci\u00f3n art\u00edstica y cultural; auge de la econom\u00eda de los bienes culturales<\/li><li>Turismo masivo, alternativo y de segunda residencia<\/li><li>Impacto territorial y sociocultural de las megaobras de infraestructura<\/li><li>Planeaci\u00f3n urbana y desarrollo regional<\/li><li>Impacto ambiental de las actividades humanas<\/li><\/ul>\n\n\n\n<p>Informaci\u00f3n:&nbsp;<a href=\"mailto:coloquiounampeninsula@cephcis.unam.mx\">coloquiounampeninsula@cephcis.unam.mx<\/a><\/p>\n\n\n\n<p>Fecha l\u00edmite de entrega de propuestas de ponencias:&nbsp;31 de julio 2023&nbsp;a las 21:00 horas<\/p>\n\n\n\n<p>Formulario de registro para propuestas\u00a0 de participaci\u00f3n con ponencias:\u00a0<a rel=\"noreferrer noopener\" href=\"https:\/\/bit.ly\/3onYxs7\" target=\"_blank\">https:\/\/bit.ly\/3onYxs7<\/a><\/p>\n\n\n\n<p><\/p>\n\n\n\n<p style=\"font-size:30px\"><a rel=\"noreferrer noopener\" href=\"https:\/\/www.comecso.com\/boletin\/lt.php?tid=eR4BBFUGA1VSVE8OAVFaG1FUCwUUUFUPBhRQAAIKBABSUQBTBFZMAgZUBlpaBAYbUVZTAhQFBwJWFF8GUwEdDVMEVAMBBVVWUwUBRAoAAVRVWgtWFAgHDlAUUgdRBx1YU1ZVTANWBgFSVFINAAJSBA\" target=\"_blank\">Doctorado en Estudios Socioculturales sobre las Desigualdades<\/a><\/p>\n\n\n\n<figure class=\"wp-block-image\"><a href=\"https:\/\/www.comecso.com\/convocatorias\/doctorado-en-estudios-socioculturales-sobre-las-desigualdades\" target=\"_blank\" rel=\"noreferrer noopener\"><img decoding=\"async\" src=\"https:\/\/www.comecso.com\/wp-content\/uploads\/2023\/05\/Convocatoria-General-Posgrado-810x649.png\" alt=\"\"\/><\/a><\/figure>\n\n\n\n<h5 class=\"wp-block-heading\">Doctorado en Estudios Socioculturales sobre las Desigualdades<\/h5>\n\n\n\n<p><strong>Objetivo del programa<\/strong><\/p>\n\n\n\n<p>Formar en investigaci\u00f3n de alto nivel, a especialistas en el estudio de aspectos socioculturales sobre las desigualdades, con s\u00f3lidas bases te\u00f3ricas, metodol\u00f3gicas y t\u00e9cnicas que les permitan desarrollar investigaciones y an\u00e1lisis cr\u00edticos para producir conocimientos, diagn\u00f3sticos y evaluaciones originales y pertinentes en torno a las grandes inequidades sociales, a trav\u00e9s de un programa de investigaci\u00f3n con un enfoque interdisciplinario, centrado en la comprensi\u00f3n de las disparidades territoriales, \u00e9tnicas, raciales, gen\u00e9ricas, etarias, comunicacionales y digitales, a partir del estudio de los sistemas de exclusi\u00f3n, discriminaci\u00f3n y opresi\u00f3n social y cultural.<\/p>\n\n\n\n<p>Consulta la convocatoria en:<\/p>\n\n\n\n<p><a href=\"https:\/\/www.comecso.com\/convocatorias\/doctorado-en-estudios-socioculturales-sobre-las-desigualdades\">https:\/\/www.comecso.com\/convocatorias\/doctorado-en-estudios-socioculturales-sobre-las-desigualdades<\/a><\/p>\n\n\n\n<p><\/p>\n\n\n\n<p style=\"font-size:30px\"><a rel=\"noreferrer noopener\" href=\"https:\/\/www.comecso.com\/boletin\/lt.php?tid=eR5WU1AFAVJSUU9aXQZaG1EAUwsUUAdUVhRTUghQVgxQWgdZAVxMAgZUBlpaBAYbUVZTAhQFBwJWFF8GUwEdDVMEVAMBBVVWUwUBRAoAAVRVWgtWFAgHDlAUUgdRBx1YU1ZVTANWBgFSVFINAAJSBA\" target=\"_blank\">Una mirada interaccionista procesual sobre el cambio legal<\/a><\/p>\n\n\n\n<figure class=\"wp-block-image\"><a href=\"https:\/\/www.comecso.com\/noticias\/una-mirada-interaccionista-procesual-sobre-el-cambio-legal\" target=\"_blank\" rel=\"noreferrer noopener\"><img decoding=\"async\" src=\"https:\/\/www.comecso.com\/wp-content\/uploads\/2023\/04\/342342956_625775865637070_6273907520682346830_n-810x824.jpg\" alt=\"\"\/><\/a><\/figure>\n\n\n\n<p><strong>Invitaci\u00f3n a conocer el proyecto \u201cUna mirada interaccionista procesual sobre el cambio legal\u201d<\/strong><\/p>\n\n\n\n<p>El proyecto financiado en el marco de la Convocatoria Ciencia de Frontera en la modalidad: Paradigmas y Controversias del Consejo Nacional de Ciencia y Tecnolog\u00eda de M\u00e9xico, pone a disposici\u00f3n del p\u00fablico acad\u00e9mico los productos de divulgaci\u00f3n elaborados en su primera etapa de implementaci\u00f3n.<\/p>\n\n\n\n<p>El proyecto que se implementa en el&nbsp;<strong>Centro de Estudios e Investigaciones Interdisciplinarios de la Universidad Aut\u00f3noma de Coahuila<\/strong>, tiene por objetivo ampliar las explicaciones te\u00f3ricas y las estrategias metodol\u00f3gicas para el an\u00e1lisis de los cambios legales desde un enfoque interaccionista procesual, y la metodolog\u00eda rastreo de interacciones, con las cuales se puedan realizar an\u00e1lisis de cambio legal en largos per\u00edodos de tiempo.<\/p>\n\n\n\n<p>Dentro de los principales avances resalta el desarrollo de una propuesta te\u00f3rica llamada interaccionista procesual que -siguiendo la sociolog\u00eda cultural de Jeffrey C. Alexander, procesual de Andrew Abbott, e interaccionista de Nick Crossley- incorpora el crisol de los efectos de la historicidad social al an\u00e1lisis de las interacciones sociales y las disputas morales como sustrato de aquellas. Brinda un enmarcamiento sociol\u00f3gico para comprender c\u00f3mo y por qu\u00e9 cambia la ley. Entiende al actor social como capaz de exponer sus creencias en la forma de demandas de cambio\/conservaci\u00f3n del\u00a0<em>status quo<\/em>, y al Estado como una construcci\u00f3n cultural que se cristaliza en las demandas expresadas por los actores sociales.<\/p>\n\n\n\n<p>Asimismo trabaja en el dise\u00f1o de la metodolog\u00eda Rastreo de interacciones. Se trata de una metodolog\u00eda cualitativa que aborda procesos de cambio social a trav\u00e9s del an\u00e1lisis en profundidad de casos. Enfatiza el lugar de las interacciones durante los procesos de cambio, da centralidad a la agencia de los actores, los elementos del pasado que son invocados durante las interacciones y las disputas morales. De este modo, es una herramienta que permite reconstruir un proceso social mientras contribuye a responder c\u00f3mo es posible el cambio, qu\u00e9 interacciones lo hacen posible, y qu\u00e9 experiencias e interpretaciones ponen en juego los actores para llevarlo a cabo. El equipo pone a disposici\u00f3n del p\u00fablico para descarga gratuita la&nbsp;<a href=\"https:\/\/drive.google.com\/file\/d\/1x1j_4_6APOwihoJAEAaxzfb5OPfYvcZ7\/view?usp=share_link\" target=\"_blank\" rel=\"noreferrer noopener\">Gu\u00eda de aplicaci\u00f3n de la Metodolog\u00eda Rastreo de Interacciones<\/a>, publicada en la plataforma del Laboratorio de M\u00e9todos de la Facultad Latinoamericana de Ciencias Sociales \u2013 Sede M\u00e9xico. La gu\u00eda est\u00e1 abierta a la retroalimentaci\u00f3n del p\u00fablico interesado.<\/p>\n\n\n\n<p>Finalmente, se invita a conocer y seguir las redes sociales del proyecto: 1) un&nbsp;<a href=\"https:\/\/open.spotify.com\/show\/1CXKiFQ0zb2jN4t6tLvgTb\" target=\"_blank\" rel=\"noreferrer noopener\">podcast<\/a>&nbsp;que en los primeros ocho episodios explica la propuesta te\u00f3rico-metodol\u00f3gica, 2) un canal de&nbsp;<a href=\"https:\/\/www.youtube.com\/@InteraccionismoProcesual\/about\" target=\"_blank\" rel=\"noreferrer noopener\">Youtube<\/a>&nbsp;donde se pone a disposici\u00f3n del p\u00fablico el&nbsp;<a href=\"https:\/\/www.youtube.com\/playlist?list=PLae5QqoXOWsAcl7JtBXZn7sZ-QifNZKAQ\" target=\"_blank\" rel=\"noreferrer noopener\">Curso corto sobre protesta social y cambio legal<\/a>&nbsp;y el&nbsp;<a href=\"https:\/\/www.youtube.com\/playlist?list=PLae5QqoXOWsBuwlerenikE48cgPrNdV2r\" target=\"_blank\" rel=\"noreferrer noopener\">Seminario introductorio al process tracing<\/a>, que incluye una sesi\u00f3n sobre el rastreo de interacciones. Tanto el&nbsp;<a href=\"https:\/\/padlet.com\/ipycl2023\/protesta-social-y-cambio-legal-2yyt9fgj2fywa0s6\" target=\"_blank\" rel=\"noreferrer noopener\">curso<\/a>&nbsp;como el&nbsp;<a href=\"https:\/\/padlet.com\/ipycl2023\/seminario-introductorio-al-process-tracing-conceptos-fundame-vp0f3dscvthbjr2l\" target=\"_blank\" rel=\"noreferrer noopener\">seminario<\/a>&nbsp;cuentan con un aula virtual donde est\u00e1 disponible el programa impartido por cada uno.<\/p>\n\n\n\n<p>El equipo esta integrado por Luz Angela Cardona Acu\u00f1a (Responsable T\u00e9cnica) Juan Camilo Portela Garc\u00eda y David Iv\u00e1n Valdez Mungu\u00eda (Equipo posdoctoral), Cesar Raziel Hurtado Banda y Pedro Enrique Alarc\u00f3n Hern\u00e1ndez (Investigadores Asociados) Cristina Araiza&nbsp; Garc\u00eda y Cecilia Guadalupe Ram\u00edrez (Becarias de la licenciatura historia) y Patricia Guadalupe Solis V\u00e1zquez, Arath Cisero Adame, Mario Lares L\u00f3pez, F\u00e1tima Basulto, Rosa Laura de Le\u00f3n Ju\u00e1rez y Josepavel Lucio Ram\u00edrez (Becarios de licenciatura Ciencias de la Comunicaci\u00f3n).<\/p>\n\n\n\n<p>M\u00e1s informaci\u00f3n del proyecto en el correo\u00a0<a href=\"mailto:luzangela.cardona@gmail.com\">luzangela.cardona@gmail.com<\/a>.<\/p>\n\n\n\n<p><\/p>\n\n\n\n<p style=\"font-size:30px\"><a rel=\"noreferrer noopener\" href=\"https:\/\/www.comecso.com\/boletin\/lt.php?tid=eR5VBVBUUlJWAk9eDFZRG1FTUAUUCQVVARQAVQYFVlwCVVFWV1JMAgZUBlpaBAYbUVZTAhQFBwJWFF8GUwEdDVMEVAMBBVVWUwUBRAoAAVRVWgtWFAgHDlAUUgdRBx1YU1ZVTANWBgFSVFINAAJSBA\" target=\"_blank\">Etnograf\u00eda: M\u00e9todos, trabajo de campo y escritura etnogr\u00e1fica<\/a><\/p>\n\n\n\n<figure class=\"wp-block-image\"><a href=\"https:\/\/www.comecso.com\/convocatorias\/etnografia-metodos-trabajo-de-campo-y-escritura-etnografica\" target=\"_blank\" rel=\"noreferrer noopener\"><img decoding=\"async\" src=\"https:\/\/www.comecso.com\/wp-content\/uploads\/2023\/05\/etnograf%C3%ADa-810x810.jpeg\" alt=\"Etnograf\u00eda: M\u00e9todos, trabajo de campo y escritura etnogr\u00e1fica\"\/><\/a><\/figure>\n\n\n\n<p><strong>Imparte:<\/strong><\/p>\n\n\n\n<p>Dra. Mar\u00eda Fernanda Apipilhuasco Miranda. Posdoctorante CEPHCIS-UNAM Maestra y doctora en Antropolog\u00eda Social por parte de El Colegio de Michoac\u00e1n, y licenciada en sociolog\u00eda por parte de la Facultad de Ciencias Pol\u00edticas y Sociales de la UNAM. Sus temas de investigaci\u00f3n son Sociolog\u00eda y Antropolog\u00eda de la Religi\u00f3n, Mito y S\u00edmbolo, Antropolog\u00eda de la Muerte, Patrimonializaci\u00f3n y Ontolog\u00edas de los Andes centrales. Actualmente realiza una estancia posdoctoral en el Centro Peninsular en Humanidades y Ciencias Sociales de la Universidad Nacional Aut\u00f3noma de M\u00e9xico, con el proyecto El hacer de los muertos en Mesoam\u00e9rica y los Andes. Etnograf\u00eda comparada de relaciones entre vivos y no vivos a trav\u00e9s de osamentas, en M\u00e9xico y Bolivia.<\/p>\n\n\n\n<p><strong>Aval acad\u00e9mico:<\/strong>&nbsp;Dr. David de \u00c1ngel Garc\u00eda<\/p>\n\n\n\n<p><strong>Presentaci\u00f3n:<\/strong><\/p>\n\n\n\n<p>El presente curso est\u00e1 encaminado a introducir a los participantes en la etnograf\u00eda como disciplina, y profundizar en dos elementos b\u00e1sicos: el trabajo de campo y la descripci\u00f3n. El primero consiste en recabar informaci\u00f3n en terreno, por medio de una diversidad de t\u00e9cnicas (observaci\u00f3n participante, diario de campo, entrevistas, encuestas, entre otras) para la construcci\u00f3n del dato emp\u00edrico; y la segunda es la conjunci\u00f3n entre la interpretaci\u00f3n y el bagaje te\u00f3rico del etn\u00f3grafo o el observador, es una relaci\u00f3n entre lo que la gente concreta piensa y hace.<\/p>\n\n\n\n<p><strong>Informes e inscripciones:<\/strong><br>Er\u00e9ndira Peniche Garc\u00eda<br>Responsable de Educaci\u00f3n Continua<br><a href=\"mailto:educacion.continua@cephcis.unam.mx\">educacion.continua@cephcis.unam.mx<\/a><\/p>\n\n\n\n<h5 class=\"wp-block-heading\"><a href=\"https:\/\/www.comecso.com\/wp-content\/uploads\/2023\/05\/Convocatoria-para-inscripcio%CC%81n-Etnografi%CC%81a.docx-3.pdf\" target=\"_blank\" rel=\"noreferrer noopener\">Descargar&gt;&gt;<\/a><\/h5>\n\n\n\n<p><\/p>\n\n\n\n<p style=\"font-size:30px\"><a rel=\"noreferrer noopener\" href=\"https:\/\/www.comecso.com\/boletin\/lt.php?tid=eR5WBAcGAwZaAE9dAQIGG1FSAgoUCQIPUBRfAwFXUgoCUQZTVFNMAgZUBlpaBAYbUVZTAhQFBwJWFF8GUwEdDVMEVAMBBVVWUwUBRAoAAVRVWgtWFAgHDlAUUgdRBx1YU1ZVTANWBgFSVFINAAJSBA\" target=\"_blank\">Jorge A. Gonz\u00e1lez recibe el grado de doctor honoris causa por la UABC<\/a><\/p>\n\n\n\n<figure class=\"wp-block-image\"><a href=\"https:\/\/www.comecso.com\/noticias\/jorge-gonzalez-recibe-honoris-causa-uabc\" target=\"_blank\" rel=\"noreferrer noopener\"><img decoding=\"async\" src=\"https:\/\/www.comecso.com\/wp-content\/uploads\/2023\/04\/536517-810x540.jpg\" alt=\"Jorge A. Gonz\u00e1lez recibe el grado de doctor honoris causa por la UABC\"\/><\/a><\/figure>\n\n\n\n<p>El pasado 26 de abril, la Universidad Aut\u00f3noma de Baja California (UABC) reconoci\u00f3 la trayectoria profesional de Jorge Alejandro Gonz\u00e1lez S\u00e1nchez otorg\u00e1ndole la distinci\u00f3n doctor<em>&nbsp;honoris causa<\/em>.<\/p>\n\n\n\n<p>En la ceremonia de entrega del reconocimiento, el rector de la UABC, el doctor Luis Enrique Palafox Maestre, mencion\u00f3 la primera vez que el doctor Gonz\u00e1lez S\u00e1nchez estuvo en la UABC, en el verano de 1989, para impartir un curso sobre culturas populares a docentes de la entonces Escuela de Ciencias de la Educaci\u00f3n, hoy Facultad de Ciencias Humanas. Desde entonces, \u201cse ha forjado una estrecha relaci\u00f3n de colaboraci\u00f3n, de asesor\u00eda, de seguimiento y formaci\u00f3n de recursos humanos, que se ha alimentado del cari\u00f1o que lo hermana con miembros de nuestro personal acad\u00e9mico en los tres campus universitarios\u201d.<\/p>\n\n\n\n<p>Consulta el art\u00edculo completo en:<\/p>\n\n\n\n<p><a href=\"https:\/\/www.comecso.com\/noticias\/jorge-gonzalez-recibe-honoris-causa-uabc\">https:\/\/www.comecso.com\/noticias\/jorge-gonzalez-recibe-honoris-causa-uabc<\/a><\/p>\n\n\n\n<p><\/p>\n\n\n\n<p style=\"font-size:30px\"><a rel=\"noreferrer noopener\" href=\"https:\/\/www.comecso.com\/boletin\/lt.php?tid=eR4BB1tdBwIHBE9cDABVG1FRUAUUUwUAVxRUBgcBAQpQUgBYWwVMAgZUBlpaBAYbUVZTAhQFBwJWFF8GUwEdDVMEVAMBBVVWUwUBRAoAAVRVWgtWFAgHDlAUUgdRBx1YU1ZVTANWBgFSVFINAAJSBA\" target=\"_blank\">Pensar la Isla: \u00cdnsula, archipi\u00e9lagos e islas-continentales<\/a><\/p>\n\n\n\n<figure class=\"wp-block-image\"><a href=\"https:\/\/www.comecso.com\/eventos\/pensar-la-isla-insula-archipielagos-e-islas-continentales\" target=\"_blank\" rel=\"noreferrer noopener\"><img decoding=\"async\" src=\"https:\/\/www.comecso.com\/wp-content\/uploads\/2023\/05\/pensar-la-isla-810x810.jpg\" alt=\"Pensar la Isla: \u00cdnsula, archipi\u00e9lagos e islas-continentales\"\/><\/a><\/figure>\n\n\n\n<p><strong>Tema:<\/strong>&nbsp;Pensar la Isla: \u00cdnsula, archipi\u00e9lagos e islas-continentales<\/p>\n\n\n\n<p><strong>Presenta:<\/strong>&nbsp;Dra. Margaret Shrimpton (FCA, UADY)<\/p>\n\n\n\n<p><strong>Coordinan:<\/strong><\/p>\n\n\n\n<p>Dra. Romina Espa\u00f1a Paredes<br>CEPHCIS, UNAM<\/p>\n\n\n\n<p>Dra. Eugenia Iturriaga Acevedo<br>FCA, UADY<\/p>\n\n\n\n<p>Dra. Fernanda Valencia Su\u00e1rez<br>CEPHCIS<\/p>\n\n\n\n<p>Fecha: lunes 8 de abril, de 17:00 a 19:00 horas<br><strong>Modalidad H\u00edbrido<\/strong><br>Recinto Casa Lol-Be, calle 22 por calle 19 y Ave. Col\u00f3n, M\u00e9rida Yucat\u00e1n<br><a href=\"https:\/\/www.facebook.com\/CEPHCIS.UNAM\/\" target=\"_blank\" rel=\"noreferrer noopener\">Transmisi\u00f3n por Facebook Live del CEPHCIS<\/a><\/p>\n\n\n\n<p><strong>Informes<\/strong><\/p>\n\n\n\n<p><a href=\"mailto:seminario_visiones@cephcis.unam.mx\">seminario_visiones@cephcis.unam.mx<\/a><br><a href=\"mailto:extensionacademica@cephcis.unam.mx\">extensionacademica@cephcis.unam.mx<\/a><br><a href=\"http:\/\/www.cephcis.unam.mx\/\">www.cephcis.unam.mx<\/a><\/p>\n\n\n\n<p>El principal objetivo del seminario ser\u00e1 generar un espacio de discusi\u00f3n de car\u00e1cter interdisciplinario, te\u00f3rico y aplicado entre los investigadores e investigadoras pertenecientes a los programas de Humanidades y Ciencias Sociales, en torno al tema de las visiones, imaginarios y representaciones culturales, desde perspectivas como los estudios culturales, poscoloniales y de g\u00e9nero, entre otros. El Seminario estar\u00e1 dirigido a acad\u00e9micos en general, estudiantes y p\u00fablico en general.<\/p>\n\n\n\n<p><\/p>\n\n\n\n<p style=\"font-size:30px\"><a rel=\"noreferrer noopener\" href=\"https:\/\/www.comecso.com\/boletin\/lt.php?tid=eR5WUlIFBFRUBE9eDQoAG1FUAVYUUAICWhRTUwhRBVtTVQBSWldMAgZUBlpaBAYbUVZTAhQFBwJWFF8GUwEdDVMEVAMBBVVWUwUBRAoAAVRVWgtWFAgHDlAUUgdRBx1YU1ZVTANWBgFSVFINAAJSBA\" target=\"_blank\">Plazas de profesores en Sociolog\u00eda<\/a><\/p>\n\n\n\n<figure class=\"wp-block-image\"><a href=\"https:\/\/www.comecso.com\/oportunidades-de-trabajo\/plazas-de-profesores-en-sociologia\" target=\"_blank\" rel=\"noreferrer noopener\"><img decoding=\"async\" src=\"https:\/\/www.comecso.com\/wp-content\/uploads\/2023\/04\/Plazas-Sociolog%C3%ADa-UABC-810x542.png\" alt=\"Plazas de profesores en Sociolog\u00eda\"\/><\/a><\/figure>\n\n\n\n<p>Con fundamento en el art\u00edculo 148, del Estatuto General de la UABC; y art\u00edculo 78 del Estatuto del Personal Acad\u00e9mico, se emite la siguiente convocatoria para ocupar plazas de profesores de tiempo completo, vacantes por renovaci\u00f3n generacional o plazas de nueva creaci\u00f3n, en las \u00e1reas de conocimiento de las Ciencias Econ\u00f3mico Administrativas. Se convoca a profesionistas interesados en formar parte de una instituci\u00f3n p\u00fablica estatal de educaci\u00f3n superior, l\u00edder y de reconocida calidad nacional, a participar en el proceso para ocupar plazas vacantes de Profesor de Tiempo Completo, en la Facultad de Ciencias Administrativas y Sociales del campus Ensenada de la Universidad Aut\u00f3noma de Baja California, a partir del periodo 2023-2.<\/p>\n\n\n\n<p><strong>PERFILES A CONTRATAR<\/strong><\/p>\n\n\n\n<p>Formaci\u00f3n acad\u00e9mica *<br>Licenciatura, Maestr\u00eda y Doctorado en Sociolog\u00eda o \u00e1rea af\u00edn.<\/p>\n\n\n\n<p>\u00c1reas de conocimiento<br>Metodolog\u00eda de la Investigaci\u00f3n Teor\u00eda Sociol\u00f3gica.<\/p>\n\n\n\n<p>Interesados llenar el formulario donde se solicitan documentos probatorios, en la direcci\u00f3n:&nbsp;<a href=\"https:\/\/forms.gle\/QcWS4WHfPwHdBuht5\" target=\"_blank\" rel=\"noreferrer noopener\">https:\/\/forms.gle\/QcWS4WHfPwHdBuht5<\/a><\/p>\n\n\n\n<p>Fecha l\u00edmite:&nbsp;19 de mayo 2023<\/p>\n\n\n\n<h5 class=\"wp-block-heading\"><a href=\"https:\/\/www.comecso.com\/wp-content\/uploads\/2023\/04\/2023-04-28-Convocatoria-TC-Sociologia.pdf\" target=\"_blank\" rel=\"noreferrer noopener\">Descargar&gt;&gt;<\/a><\/h5>\n\n\n\n<p><\/p>\n\n\n\n<figure class=\"wp-block-image\"><img decoding=\"async\" src=\"https:\/\/ci4.googleusercontent.com\/proxy\/fymXb5F6D6310PWFsXcnmJdTWl763Ph3E5MIOwhwPdSETnSmv_cNby3SR2HtYgxtJtxTP5ecnmvLjzQZqu3Gcu0WM6gx9yHiSSi1Aj9ySHbIyhIQEOmwRVEFsrJOCxeytXw=s0-d-e1-ft#https:\/\/www.comecso.com\/wp-content\/uploads\/2016\/07\/featuredobservatorioCS-1.png\" alt=\"\"\/><\/figure>\n","protected":false},"excerpt":{"rendered":"<p>Grupo de Trabajo sobre El humor, la risa y las jerarqu\u00edas Grupo de Trabajo sobreEl humor, la risa y las jerarqu\u00edas En las Ciencias sociales y las Humanidades se han desarrollado varios enfoques acerca del humor y la risa como formas de desaf\u00edo a \u00f3rdenes jer\u00e1rquicos. Sin embargo, esos estudios se han comunicado poco entre [&hellip;]<\/p>\n","protected":false},"author":10,"featured_media":0,"comment_status":"closed","ping_status":"closed","sticky":false,"template":"","format":"standard","meta":{"_acf_changed":false,"footnotes":""},"categories":[1],"tags":[],"class_list":["post-29670","post","type-post","status-publish","format-standard","hentry","category-avisosyconvocatorias"],"acf":[],"_links":{"self":[{"href":"https:\/\/www.colef.mx\/elmuro\/wp-json\/wp\/v2\/posts\/29670"}],"collection":[{"href":"https:\/\/www.colef.mx\/elmuro\/wp-json\/wp\/v2\/posts"}],"about":[{"href":"https:\/\/www.colef.mx\/elmuro\/wp-json\/wp\/v2\/types\/post"}],"author":[{"embeddable":true,"href":"https:\/\/www.colef.mx\/elmuro\/wp-json\/wp\/v2\/users\/10"}],"replies":[{"embeddable":true,"href":"https:\/\/www.colef.mx\/elmuro\/wp-json\/wp\/v2\/comments?post=29670"}],"version-history":[{"count":1,"href":"https:\/\/www.colef.mx\/elmuro\/wp-json\/wp\/v2\/posts\/29670\/revisions"}],"predecessor-version":[{"id":29671,"href":"https:\/\/www.colef.mx\/elmuro\/wp-json\/wp\/v2\/posts\/29670\/revisions\/29671"}],"wp:attachment":[{"href":"https:\/\/www.colef.mx\/elmuro\/wp-json\/wp\/v2\/media?parent=29670"}],"wp:term":[{"taxonomy":"category","embeddable":true,"href":"https:\/\/www.colef.mx\/elmuro\/wp-json\/wp\/v2\/categories?post=29670"},{"taxonomy":"post_tag","embeddable":true,"href":"https:\/\/www.colef.mx\/elmuro\/wp-json\/wp\/v2\/tags?post=29670"}],"curies":[{"name":"wp","href":"https:\/\/api.w.org\/{rel}","templated":true}]}}