{"id":29515,"date":"2023-03-07T12:52:40","date_gmt":"2023-03-07T19:52:40","guid":{"rendered":"https:\/\/www.colef.mx\/elmuro\/?p=29515"},"modified":"2023-03-07T12:52:40","modified_gmt":"2023-03-07T19:52:40","slug":"boletin-del-consejo-mexicano-de-ciencias-sociales-02-03-2023","status":"publish","type":"post","link":"https:\/\/www.colef.mx\/elmuro\/boletin-del-consejo-mexicano-de-ciencias-sociales-02-03-2023\/","title":{"rendered":"Bolet\u00edn del Consejo Mexicano de Ciencias Sociales (02\/03\/2023)"},"content":{"rendered":"\n<p class=\"has-medium-font-size\"><a rel=\"noreferrer noopener\" href=\"https:\/\/www.comecso.com\/boletin\/lt.php?tid=eR5RB1NTBAMDU09eWgZSG1EBAlcUUABUUhRfVwgFVV0FUwVWAQBMCFtVVwoIUQIbXFoHAxQFAgZbFF5QVQYdDQFUBFhUUwMHVlIBRAoAAVRVWgtWFAgHDlAUUgdRBx1YU1ZVTANWBgFSVFINAAJSBA\" target=\"_blank\">5\u00b0 Congreso Internacional sobre G\u00e9nero y Espacio<\/a><\/p>\n\n\n\n<figure class=\"wp-block-image is-resized\"><a href=\"https:\/\/www.comecso.com\/convocatorias\/quinto-congreso-internacional-sobre-genero-y-espacio\" target=\"_blank\" rel=\"noreferrer noopener\"><img loading=\"lazy\" decoding=\"async\" src=\"https:\/\/www.comecso.com\/wp-content\/uploads\/2023\/02\/convocatoria_5to_cige_horizontal_web-810x432.jpg\" alt=\"Quinto Congreso Internacional sobre G\u00e9nero y Espacio\" width=\"620\" height=\"330\"\/><\/a><\/figure>\n\n\n\n<p>La Universidad Aut\u00f3noma del Estado de M\u00e9xico, a trav\u00e9s de la Secretar\u00eda de Investigaci\u00f3n y Estudios Avanzados, la Facultad de Ciencias Pol\u00edticas y Sociales y el Instituto de Ciencias Agropecuarias y Rurales<\/p>\n\n\n\n<p>La Universidad Nacional Aut\u00f3noma de M\u00e9xico a trav\u00e9s del Centro de Investigaciones y Estudios de G\u00e9nero, la Facultad de Arquitectura, la Facultad de Filosof\u00eda y Letras, el Instituto de Geograf\u00eda y el Programa Universitario de Estudios sobre la Ciudad<\/p>\n\n\n\n<p>La Universidad Aut\u00f3noma Metropolitana, a trav\u00e9s de las Unidades Iztapalapa y Xochimilco<br>y<br>La Universidad Veracruzana<\/p>\n\n\n\n<p>invitan a especialistas y personas interesadas en la reflexi\u00f3n sobre g\u00e9nero, espacio y \u201cregreso a la presencialidad\u201d a participar con ponencias en el<\/p>\n\n\n\n<h4 class=\"wp-block-heading\">Quinto Congreso Internacional sobre G\u00e9nero y Espacio<\/h4>\n\n\n\n<p>a celebrarse la semana del 22 al 25 de mayo de 2023 en formato h\u00edbrido,<br>a trav\u00e9s de la plataforma virtual<br>y en la Universidad Aut\u00f3noma del Estado de M\u00e9xico, Toluca, Estado de M\u00e9xico.<\/p>\n\n\n\n<p><strong>OBJETIVOS PRINCIPALES<\/strong><\/p>\n\n\n\n<ol class=\"wp-block-list\"><li>Reunir especialistas y personas interesadas en el tema para discutir, intercambiar y generar ideas desde diversas disciplinas, acerca de los principales problemas te\u00f3ricos y metodol\u00f3gicos que se derivan de las estrechas relaciones entre el g\u00e9nero y el espacio, sobre todo aquellas que se han evidenciado en el contexto de la pandemia.<\/li><li>Reunir peri\u00f3dicamente en M\u00e9xico a personas involucradas en la reflexi\u00f3n sobre el g\u00e9nero y su intersecci\u00f3n con el espacio, a fin de compartir avances de investigaci\u00f3n, plantear nuevas perspectivas e incentivar discusiones te\u00f3ricas, metodol\u00f3gicas y emp\u00edricas en estos aspectos desde las ciencias sociales y las humanidades.<\/li><li>Producir un libro electr\u00f3nico con los trabajos m\u00e1s destacados.<\/li><li>Dar continuidad y consolidar la red de investigaci\u00f3n sobre g\u00e9nero y espacio.<\/li><\/ol>\n\n\n\n<p><strong>FORMAS DE PARTICIPACI\u00d3N<\/strong><\/p>\n\n\n\n<p>Las personas que deseen participar enviar\u00e1n a la direcci\u00f3n de correo electr\u00f3nico&nbsp;<a href=\"mailto:generoyespacio@gmail.com\">generoyespacio@gmail.com<\/a>&nbsp;un resumen de su ponencia, entre 250 y 500 palabras. Este resumen deber\u00e1 contener: problem\u00e1tica, metodolog\u00eda implementada, resultados o avances de investigaci\u00f3n, conclusiones y bibliograf\u00eda.<\/p>\n\n\n\n<p>Fecha de cierre: 19 de febrero de 2023<br>Pr\u00f3rroga:\u00a05 de marzo de 2023<\/p>\n\n\n\n<p><\/p>\n\n\n\n<p class=\"has-medium-font-size\"><a rel=\"noreferrer noopener\" href=\"https:\/\/www.comecso.com\/boletin\/lt.php?tid=eR4HBVVRVAZTU09cDgFWG1FbClIUCAADVBReD1IBAQhUUgMCAAVMCFtVVwoIUQIbXFoHAxQFAgZbFF5QVQYdDQFUBFhUUwMHVlIBRAoAAVRVWgtWFAgHDlAUUgdRBx1YU1ZVTANWBgFSVFINAAJSBA\" target=\"_blank\">Aproximaciones metodol\u00f3gicas desde la perspectiva de g\u00e9nero<\/a><\/p>\n\n\n\n<figure class=\"wp-block-image is-resized\"><a href=\"https:\/\/www.comecso.com\/eventos\/aproximaciones-metodologicas-desde-la-perspectiva-de-genero\" target=\"_blank\" rel=\"noreferrer noopener\"><img loading=\"lazy\" decoding=\"async\" src=\"https:\/\/www.comecso.com\/wp-content\/uploads\/2023\/02\/aprox-metodol%C3%B3gicas-810x461.jpg\" alt=\"Aproximaciones metodol\u00f3gicas desde la perspectiva de g\u00e9nero\" width=\"629\" height=\"358\"\/><\/a><\/figure>\n\n\n\n<h4 class=\"wp-block-heading\">Centro Regional de Investigaciones Multidisciplinarias<\/h4>\n\n\n\n<p><strong>Taller:<\/strong>&nbsp;Aproximaciones metodol\u00f3gicas desde la perspectiva de g\u00e9nero<\/p>\n\n\n\n<p><strong>Participantes:<\/strong><br>Dra. Sonia M. Fr\u00edas Mart\u00ednez (Centro Regional de Investigaciones Multidisciplinarias de la UNAM)<br>Dra. Mar\u00eda Lucero Jim\u00e9nez Guzm\u00e1n (Centro Regional de Investigaciones Multidisciplinarias de la UNAM)<\/p>\n\n\n\n<p><strong>Modalidad:<\/strong>&nbsp;Virtual, transmisi\u00f3n v\u00eda&nbsp;<a href=\"https:\/\/youtube.com\/live\/5vCbIAR2jpo?feature=share\" target=\"_blank\" rel=\"noreferrer noopener\">YouTube<\/a>&nbsp;(<a href=\"https:\/\/youtube.com\/live\/5vCbIAR2jpo?feature=share\" target=\"_blank\" rel=\"noreferrer noopener\">https:\/\/youtube.com\/live\/5vCbIAR2jpo?feature=share<\/a>)<\/p>\n\n\n\n<p><strong>Objetivo:<\/strong>&nbsp;Identificar distintas aproximaciones metodol\u00f3gicas en los estudios feministas, contrastando alcances, limitaciones y pertinencia de acuerdo con el problema de investigaci\u00f3n.<br>Con el prop\u00f3sito de afinar las herramientas que permitan incorporar la perspectiva de g\u00e9nero en las investigaciones que se realizan en el centro. Para ello se invitar\u00e1n a dos investigadoras del propio CRIM a que compartan su experiencia en la investigaci\u00f3n feminista.<\/p>\n\n\n\n<p><strong>S\u00edntesis del evento:<\/strong>&nbsp;En el marco del 8 de marzo d\u00eda internacional de las mujeres<\/p>\n\n\n\n<p>Dirigido a Comunidad del CRIM y p\u00fablico en general<\/p>\n\n\n\n<p><\/p>\n\n\n\n<p class=\"has-medium-font-size\"><a rel=\"noreferrer noopener\" href=\"https:\/\/www.comecso.com\/boletin\/lt.php?tid=eR4AWFBXB1VXAU8JCAdbG1FQAQMUUAIAVhRVVAICAVhXVgZVVgJMCFtVVwoIUQIbXFoHAxQFAgZbFF5QVQYdDQFUBFhUUwMHVlIBRAoAAVRVWgtWFAgHDlAUUgdRBx1YU1ZVTANWBgFSVFINAAJSBA\" target=\"_blank\">Resistencia colectiva al neoliberalismo<\/a><\/p>\n\n\n\n<figure class=\"wp-block-image is-resized\"><a href=\"https:\/\/www.comecso.com\/publicaciones\/resistencia-colectiva-al-neoliberalismo\" target=\"_blank\" rel=\"noreferrer noopener\"><img loading=\"lazy\" decoding=\"async\" src=\"https:\/\/www.comecso.com\/wp-content\/uploads\/2023\/02\/FpwCrUpXoAINiQP-810x425.jpg\" alt=\"Resistencia colectiva al neoliberalismo\" width=\"635\" height=\"333\"\/><\/a><\/figure>\n\n\n\n<p><strong><em>Paul Almeida.<\/em>&nbsp;Amalia<em>&nbsp;P\u00e9rez Mart\u00edn. [Autores]<\/em><\/strong><\/p>\n\n\n\n<p>ISBN 978-987-813-373-7<br>CLACSO.<br>Buenos Aires.<br>Febrero de 2023<\/p>\n\n\n\n<p><a href=\"https:\/\/www.clacso.org.ar\/libreria-latinoamericana\/buscar_libro_detalle.php?id_libro=2757&amp;campo=titulo&amp;texto=Resistencia%20colectiva%20al%20neoliberalismo\" target=\"_blank\" rel=\"noreferrer noopener\">*Disponible s\u00f3lo en versi\u00f3n digital<\/a><\/p>\n\n\n\n<p>La resistencia al neoliberalismo encuentra pruebas v\u00edvidas de actualidad alrededor del mundo. Este libro examina la din\u00e1mica de diversas formas de amenazas econ\u00f3micas, campos organizacionales e infraestructuras, repertorios disruptivos de contenci\u00f3n y las consecuencias pol\u00edticas de la oposici\u00f3n movilizada contra el neoliberalismo. Estos desaf\u00edos colectivos siguen siendo relevantes ya que diversos analistas pronostican una mayor austeridad econ\u00f3mica por parte de los gobiernos de todo el mundo hasta 2025.<\/p>\n\n\n\n<h4 class=\"wp-block-heading\"><a rel=\"noreferrer noopener\" href=\"https:\/\/www.clacso.org.ar\/libreria-latinoamericana\/buscar_libro_detalle.php?id_libro=2757&amp;campo=titulo&amp;texto=Resistencia%20colectiva%20al%20neoliberalismo\" target=\"_blank\">Descargar en PDF<\/a><\/h4>\n\n\n\n<p><\/p>\n\n\n\n<p class=\"has-medium-font-size\"> <br><a rel=\"noreferrer noopener\" href=\"https:\/\/www.comecso.com\/boletin\/lt.php?tid=eR5TUFBVAVMGBk8MXQdUG1FXU1YUCVQGVhRTA1YDBAwHUwdYVVNMCFtVVwoIUQIbXFoHAxQFAgZbFF5QVQYdDQFUBFhUUwMHVlIBRAoAAVRVWgtWFAgHDlAUUgdRBx1YU1ZVTANWBgFSVFINAAJSBA\" target=\"_blank\">Teor\u00edas y Pol\u00edticas de la Ciudad Contempor\u00e1nea<\/a> <\/p>\n\n\n\n<figure class=\"wp-block-image is-resized\"><a href=\"https:\/\/www.comecso.com\/convocatorias\/teorias-y-politicas-de-la-ciudad-contemporanea\" target=\"_blank\" rel=\"noreferrer noopener\"><img loading=\"lazy\" decoding=\"async\" src=\"https:\/\/www.comecso.com\/wp-content\/uploads\/2023\/02\/328939337_5459756430801231_5409630166298833626_n-810x540.jpg\" alt=\"Teor\u00edas y Pol\u00edticas de la Ciudad Contempor\u00e1nea\" width=\"639\" height=\"425\"\/><\/a><\/figure>\n\n\n\n<p><br>Diplomado internacional<\/p>\n\n\n\n<p><strong>Objetivo General<\/strong><\/p>\n\n\n\n<p>A partir de la necesidad de producir e incorporar nuevos conocimientos, pensamientos, teor\u00edas y pol\u00edticas que articulen las aportaciones de los diversos actores sociales implicados en el estudio de la ciudad, considerando las problem\u00e1ticas de mayor relevancia como son la desigualdad social, econ\u00f3mica y material, las cuales se han visto exacerbadas por los impactos de la Covid-19, incrementando los niveles de segregaci\u00f3n y fragmentaci\u00f3n socio territorial, este Diplomado tiene como objetivo general:<\/p>\n\n\n\n<p>Abordar los nuevos retos y desaf\u00edos presentes en los procesos sociales, econ\u00f3micos, pol\u00edticos, culturales y materiales que, desde una mirada transdisciplinar, permita plantear nuevas posibilidades de articulaci\u00f3n, comparaci\u00f3n, integraci\u00f3n de enfoques, conocimientos y saberes para abordar el fen\u00f3meno de la ciudad contempor\u00e1nea desde su heterogeneidad, diversidad y derechos.<\/p>\n\n\n\n<p><strong>Requisitos<\/strong><\/p>\n\n\n\n<p>El diplomado est\u00e1 dirigido a estudiantes de cuarto nivel, Profesionales y t\u00e9cnicos o \u00e1reas afines al urbanismo, o interesados en los estudios urbanos con enfoque multidisciplinar.<\/p>\n\n\n\n<p>Requisito m\u00ednimo, tener T\u00cdTULO DE LICENCIATURA que acredite el nivel de Estudio.<\/p>\n\n\n\n<p><strong>Certificaci\u00f3n<\/strong><\/p>\n\n\n\n<p>Los m\u00f3dulos tienen una duraci\u00f3n m\u00ednima de 60 horas: 20 horas clases magistrales, 20 horas de talleres y 20 horas de trabajo aut\u00f3nomo que corresponde a la escritura del art\u00edculo final.<\/p>\n\n\n\n<p>En suma, los tres m\u00f3dulos conforman un diplomado de 180 horas acad\u00e9micas.<\/p>\n\n\n\n<p>Se otorgar\u00e1 el DIPLOMA emitido por la Universidad Aut\u00f3noma Metropolitana y respaldado por las entidades colaboradoras: FLACSO \u2013 Ecuador, la Maestr\u00eda en Urbanismo de la Universidad Nacional de C\u00f3rdoba (UNC), el Instituto de Investigaciones de Ciencias Sociales (IIS-UNAM) y la Universidad Federal de Rio de Janeiro (UFRJ).<\/p>\n\n\n\n<p>El participante deber\u00e1 tener un porcentaje m\u00ednimo del 80% de asistencia, entre clases magistrales y talleres, para obtener el diplomado.<\/p>\n\n\n\n<p><strong>\u00a1IMPORTANTE!<\/strong>&nbsp;Antes de comenzar su registro, es necesario que usted tenga a la mano, en formato PDF, el archivo comprobable de su \u00faltimo grado de estudios.<\/p>\n\n\n\n<p>Fecha l\u00edmite de registro:\u00a07 de marzo de 2023<\/p>\n\n\n\n<p><\/p>\n\n\n\n<p class=\"has-medium-font-size\"><a rel=\"noreferrer noopener\" href=\"https:\/\/www.comecso.com\/boletin\/lt.php?tid=eR4CBVtSAFNRAU9eDABTG1EHUwYUCQIABhQAAlJQBQoHBlFVVlxMCFtVVwoIUQIbXFoHAxQFAgZbFF5QVQYdDQFUBFhUUwMHVlIBRAoAAVRVWgtWFAgHDlAUUgdRBx1YU1ZVTANWBgFSVFINAAJSBA\" target=\"_blank\">Alternative Futures and Popular Protest<\/a><\/p>\n\n\n\n<figure class=\"wp-block-image is-resized\"><a href=\"https:\/\/www.comecso.com\/convocatorias\/alternative-futures-popular-protest-2023\" target=\"_blank\" rel=\"noreferrer noopener\"><img loading=\"lazy\" decoding=\"async\" src=\"https:\/\/www.comecso.com\/wp-content\/uploads\/2023\/02\/309425394_1018195328989345_8215115070580549797_n-810x456.jpg\" alt=\"Alternative Futures &amp; Popular Protest\" width=\"627\" height=\"352\"\/><\/a><\/figure>\n\n\n\n<p>We are delighted to announce that the 2023 conference will be held in person. We look forward to welcoming delegates to Manchester for the first time in three years, with all of the informal socialising, organising, and collaborating that that format entails. Whilst the costs of an in-person conference are necessarily higher than an online conference, we value the inclusivity and diversity of AFPP. As such, we have sought to keep registration fees as low as possible.<\/p>\n\n\n\n<p>We invite offers of papers relevant to the broad conference theme. We also invite proposals for full panels (4-5 speakers), which might address such matters as:<\/p>\n\n\n\n<ul class=\"wp-block-list\"><li>contemporary or historical movements and protests from any global region<\/li><li>theories of social movements, labour movements and revolution<\/li><li>utopias, experiments in alternative living and everyday politics<\/li><li>ideologies, imaginaries and strategies of collective action<\/li><li>opposition to discrimination and confrontations with capitalism, patriarchy or coloniality<\/li><\/ul>\n\n\n\n<p>To offer a paper, please send a title, abstract (max 300 words) and 4-6 keywords to the organisers via the abstract submission form.<\/p>\n\n\n\n<p>If you would like to propose a panel, please include a panel title and lead organiser, as well as full details for 4-5 individual papers via the panel submission form [link coming soon].<\/p>\n\n\n\n<p>If your abstract is accepted we will also ask you to supply a written paper in advance of the conference, which will be distributed to all participants. Ideally, this would take the form of a fully-referenced working paper, of 6-8,000 words in length in MS Word .docx, Adobe .pdf or compatible format. However, some speakers have submitted different kinds of documents in the past (e.g. extended notes; powerpoint slideshows and so on). We are open to the submission of such documents instead of a working paper as long as they successfully communicate the main argument and evidence base for your paper to a scholarly audience and without the need for specialist software.<\/p>\n\n\n\n<p><strong>Deadlines<\/strong><\/p>\n\n\n\n<ul class=\"wp-block-list\"><li>Receipt of abstracts:&nbsp;11 April 2023.<\/li><li>Please do not email abstracts, use the submission form instead. We aim to respond by 24 April.<\/li><li>Registration will be open from late April with a deadline of 29 May.<\/li><li>Submissions of papers or other written materials, which is optional, will be accepted until 5 June.<\/li><\/ul>\n\n\n\n<p>These are final dates. The earlier we receive abstracts, and actual papers, the better.<\/p>\n\n\n\n<p>For queries by email:&nbsp;<a href=\"mailto:afpp@manchester.ac.uk\">afpp@manchester.ac.uk<\/a><\/p>\n\n\n\n<p>The AFPP 2023 Organising Committee are Garance Clement, Gemma Edwards, Simin Fadaee, Kevin Gillan, Ivette Hernandez Santiba\u00f1ez, Morgan Powell, Meghan Tinsley, Daniela Fazio Vargas and Luke Yates<\/p>\n\n\n\n<p><\/p>\n\n\n\n<p class=\"has-medium-font-size\"><a rel=\"noreferrer noopener\" href=\"https:\/\/www.comecso.com\/boletin\/lt.php?tid=eR4FUQMCCAZUB09cCFNWG1EBBAYUCVdXVBRXVVYLVAoDAQMDAVdMCFtVVwoIUQIbXFoHAxQFAgZbFF5QVQYdDQFUBFhUUwMHVlIBRAoAAVRVWgtWFAgHDlAUUgdRBx1YU1ZVTANWBgFSVFINAAJSBA\" target=\"_blank\">Doctorado en Ciencias Sociales<\/a><\/p>\n\n\n\n<figure class=\"wp-block-image is-resized\"><a href=\"https:\/\/www.comecso.com\/convocatorias\/doctorado-en-ciencias-sociales-iih-uv-2023\" target=\"_blank\" rel=\"noreferrer noopener\"><img loading=\"lazy\" decoding=\"async\" src=\"https:\/\/www.comecso.com\/wp-content\/uploads\/2023\/02\/Cartel-DCS-810x1049.png\" alt=\"Doctorado en Ciencias Sociales\" width=\"632\" height=\"818\"\/><\/a><\/figure>\n\n\n\n<h4 class=\"wp-block-heading\">Universidad Veracruzana<br>Instituto de Investigaciones Hist\u00f3ricas<\/h4>\n\n\n\n<p><strong>Descripci\u00f3n del posgrado<\/strong><\/p>\n\n\n\n<p>El Doctorado en Ciencias Sociales que ofrece la Universidad Veracruzana responde a las necesidades acad\u00e9micas y profesionales del pa\u00eds, particularmente a aquellas de la regi\u00f3n Sur-Sureste, enfoc\u00e1ndose en el an\u00e1lisis de procesos globales y diversos, incluidos los sociales, econ\u00f3micos, pol\u00edticos, hist\u00f3ricos y culturales.<\/p>\n\n\n\n<p>El modelo pedag\u00f3gico del Doctorado en Ciencias Sociales descansa en un enfoque de formaci\u00f3n para la investigaci\u00f3n b\u00e1sica y aplicada de alto nivel, para lo que cuenta con una planta de profesores reconocidos a nivel nacional e internacional, la mayor\u00eda de ellos pertenecientes al Sistema Nacional de Investigadores (SNI) en sus tres niveles.<\/p>\n\n\n\n<p>El modelo formativo que ofrecemos se centra en la formaci\u00f3n integral de profesionales, es decir, de desarrollar conocimientos, habilidades, actitudes y valores fundamentales para el campo de la investigaci\u00f3n en las diversas ramas de la ciencia social y est\u00e1 articulado con la normatividad para el posgrado vigente en la UV.<\/p>\n\n\n\n<p><strong>Fechas importantes<\/strong><\/p>\n\n\n\n<ol class=\"wp-block-list\"><li>Registro en el portal de aspirantes (14 de febrero al 27 de marzo)<\/li><li>Env\u00edo de documentaci\u00f3n necesaria v\u00eda correo electr\u00f3nico (9 al 23 de abril).<br>Consulte en nuestra p\u00e1gina para mayores informes sobre este punto:<br><a href=\"https:\/\/www.uv.mx\/dcsociales\/aspiran%20tes-al-posgrado\/proceso-de-seleccion\/\" target=\"_blank\" rel=\"noreferrer noopener\">https:\/\/www.uv.mx\/dcsociales\/aspiran tes-al-posgrado\/proceso-de-seleccion\/<\/a><\/li><li>Evaluaciones especiales (16 al 19 de mayo)<\/li><li>Aplicaci\u00f3n del EXANI III (20 de mayo)<\/li><li>Publicaci\u00f3n de Resultados (9 de junio)<\/li><\/ol>\n\n\n\n<p><strong>Contacto<\/strong><\/p>\n\n\n\n<p><a href=\"mailto:dcsociales@uv.mx\">dcsociales@uv.mx<\/a><\/p>\n\n\n\n<p><\/p>\n\n\n\n<p class=\"has-medium-font-size\"><a rel=\"noreferrer noopener\" href=\"https:\/\/www.comecso.com\/boletin\/lt.php?tid=eR5UUwYFVFIAAE9dW1FQG1FUUAQUUwZXBRQEDlFWUw8EA1VXBlZMCFtVVwoIUQIbXFoHAxQFAgZbFF5QVQYdDQFUBFhUUwMHVlIBRAoAAVRVWgtWFAgHDlAUUgdRBx1YU1ZVTANWBgFSVFINAAJSBA\" target=\"_blank\">La ficci\u00f3n del ordenamiento \u201cecol\u00f3gico-territorial\u201d en Yucat\u00e1n<\/a><\/p>\n\n\n\n<figure class=\"wp-block-image is-resized\"><a href=\"https:\/\/www.comecso.com\/eventos\/la-ficcion-del-ordenamiento-ecologico-territorial-en-yucatan\" target=\"_blank\" rel=\"noreferrer noopener\"><img loading=\"lazy\" decoding=\"async\" src=\"https:\/\/ci6.googleusercontent.com\/proxy\/3sV6Umf0pmQ4bmngblt_Dy3ZbiEqsweSZXNwvNlJ3TH-cLoDU0UHFdzOex9I7IHdpZLGCHdv8PRmg7nCen21fTUJRJJ-K8lrDAYY0Jbi7ZldmHMc6JrgbBdiNfulhZZZkgHKCUMFDrD4WGzJr0o=s0-d-e1-ft#https:\/\/www.comecso.com\/wp-content\/uploads\/2023\/03\/Procesos-socio-territoriales-625x625.jpg\" alt=\"La ficci\u00f3n del ordenamiento \u201cecol\u00f3gico-territorial\u201d en Yucat\u00e1n\" width=\"629\" height=\"629\"\/><\/a><\/figure>\n\n\n\n<h4 class=\"wp-block-heading\">Centro Peninsular en Humanidades y Ciencias Sociales<\/h4>\n\n\n\n<h4 class=\"wp-block-heading\">Seminario Permanente<br>Procesos socio-territoriales y urbano-ambientales en el sureste mexicano<\/h4>\n\n\n\n<p>La ficci\u00f3n del ordenamiento \u201cecol\u00f3gico-territorial\u201d en Yucat\u00e1n: \u00bfoportunidades para repolitizar el debate sobre el desarrollo, la participaci\u00f3n y el rol del experto?<\/p>\n\n\n\n<p><strong>Ponente:<\/strong>&nbsp;Dra. Gabriela Torres Mazuera<\/p>\n\n\n\n<p><strong>Coordinan<\/strong><\/p>\n\n\n\n<p>Dr. Adri\u00e1n Guillermo Aguilar<br>UAETY, IG, UNAM<\/p>\n\n\n\n<p>Dr. Ricardo L\u00f3pez Santill\u00e1n<br>CEPHCIS, UNAM<\/p>\n\n\n\n<p>9 de marzo de 2023, a las 12:00 horas<\/p>\n\n\n\n<p><strong>Modalidades<\/strong><\/p>\n\n\n\n<p>Presencial y transmisi\u00f3n por Facebook Live<\/p>\n\n\n\n<p><strong>Recinto<\/strong><\/p>\n\n\n\n<p>Casa Lol-Be<br>Calle 22 por cale 19 y avenida Col\u00f3n, colonia Garc\u00eda Giner\u00e9s, C.P. 97070, M\u00e9rida, Yucat\u00e1n, M\u00e9xico<\/p>\n\n\n\n<p><strong>Informes<\/strong><\/p>\n\n\n\n<p><a href=\"mailto:extensionacademica@cephcis.unam.mx\">extensionacademica@cephcis.unam.mx<\/a><br><a rel=\"noreferrer noopener\" href=\"http:\/\/www.cepchcis.unam.mx\/\" target=\"_blank\">www.cepchcis.unam.mx<\/a><br><a rel=\"noreferrer noopener\" href=\"http:\/\/ladupo.igg.unam.mx\/seminario_permanente\/about.html\" target=\"_blank\">http:\/\/ladupo.igg.unam.mx\/seminario_permanente\/about.html<\/a><\/p>\n\n\n\n<p class=\"has-medium-font-size\"><a rel=\"noreferrer noopener\" href=\"https:\/\/www.comecso.com\/boletin\/lt.php?tid=eR4FWABVUQRUD09bXAZWG1FbAQIUUFdQVxQHUlMBUVsGBwRRVFBMCFtVVwoIUQIbXFoHAxQFAgZbFF5QVQYdDQFUBFhUUwMHVlIBRAoAAVRVWgtWFAgHDlAUUgdRBx1YU1ZVTANWBgFSVFINAAJSBA\" target=\"_blank\">El CEPHCIS en la FILEY<\/a><\/p>\n\n\n\n<figure class=\"wp-block-image is-resized\"><a href=\"https:\/\/www.comecso.com\/eventos\/el-cephcis-en-la-filey\" target=\"_blank\" rel=\"noreferrer noopener\"><img loading=\"lazy\" decoding=\"async\" src=\"https:\/\/www.comecso.com\/wp-content\/uploads\/2023\/03\/Banner-Filey-1080-%C3%97-1080-px-EXTACA-810x810.png\" alt=\"\" width=\"627\" height=\"627\"\/><\/a><\/figure>\n\n\n\n<h4 class=\"wp-block-heading\">Participaci\u00f3n del CEPHCIS en la<br>Feria Internacional de la Lectura Yucat\u00e1n -FILEY<\/h4>\n\n\n\n<h4 class=\"wp-block-heading\">11 al 19 de marzo de 2023<\/h4>\n\n\n\n<p><strong>Presentaci\u00f3n de la revista<br><\/strong>Tema:<em>&nbsp;Revista Pen\u00ednsula Volumen XVIII, N\u00famero 1, enero- junio 2023<\/em>, CEPHCIS, UNAM<br>Editora: Dra. Amada Rubio Herrera<br>Presentan: Dra. Adri\u00e1n Curiel Rivera, Mtra. Virginia Carrillo Rodr\u00edguez, Dra. Amada rubio Herrera<br>Fecha: 11 de marzo, 16:00 horas<br>Centro de Convenciones Siglo XXI<br>Sal\u00f3n Ek Balam Sala Hiaria M\u00e1ss Colli<br>M\u00e9rida, Yucat\u00e1n<\/p>\n\n\n\n<p><strong>Mesa Redonda<br><\/strong>Tema: Conservaci\u00f3n, restauraci\u00f3n y patrimonio cultural<br>Presentan: Mtro. David Pineda Mu\u00f1oz, Restauradora Fernanda Escalante, Dr. Victor Hugo Ruiz Ortiz<br>Modera: Mariana Nagor\u00e9 Ancona<br>Fecha: 13 de marzo, 11:45 horas<br>Centro de Convenciones Siglo XXI<br>Sal\u00f3n Uxmal 3<br>M\u00e9rida, Yucat\u00e1n<\/p>\n\n\n\n<p><strong>Presentaci\u00f3n del libro<br><\/strong>Tema: Ense\u00f1anza del Ingl\u00e9s, cuatro habilidades para personas con discapacidad visual. Propuestas, retos y obst\u00e1culos, CEPHCIS, UNAM<br>Autora: Dra. Laura Hern\u00e1ndez Ruiz<br>Presentan: Mtra. Silvia May Pech y la autora<br>Fecha: 14 de marzo, 18:45 horas<br>Centro de Convenciones Siglo XXI<br>Sal\u00f3n Uxmal 2<br>M\u00e9rida, Yucat\u00e1n<\/p>\n\n\n\n<p><strong>Presentaci\u00f3n del libro<br><\/strong>Tema:<em>\u00a0Desigualdades sociales en M\u00e9xico. Algunas cuestiones primordiales<\/em>, UAM<br>Coordinadores: Dra. Juana Ju\u00e1rez Romero, Dr. Antonio Ziri\u00f3n P\u00e9rez,<br>Presentan: Dra. F\u00e1tima Flores Palacios y el Dr. Rodrigo Llanes Salazar y los coordinadores<br>Fecha: 16 de marzo, 17:30 horas<br>Centro de Convenciones Siglo XXI<br>Sal\u00f3n Uxmal 2<br>M\u00e9rida, Yucat\u00e1n<\/p>\n\n\n\n<p><\/p>\n\n\n\n<p class=\"has-medium-font-size\"><a rel=\"noreferrer noopener\" href=\"https:\/\/www.comecso.com\/boletin\/lt.php?tid=eR4EU1MGUlRXAk9bC1NQG1FWCgEUCFFXURReAVUCBwEHUFZUWgJMCFtVVwoIUQIbXFoHAxQFAgZbFF5QVQYdDQFUBFhUUwMHVlIBRAoAAVRVWgtWFAgHDlAUUgdRBx1YU1ZVTANWBgFSVFINAAJSBA\" target=\"_blank\">Encuentro sobre Migraciones, Identidades y Pueblos Originarios<\/a><\/p>\n\n\n\n<figure class=\"wp-block-image is-resized\"><a href=\"https:\/\/www.comecso.com\/eventos\/encuentro-sobre-migraciones-identidades-y-pueblos-originarios\" target=\"_blank\" rel=\"noreferrer noopener\"><img loading=\"lazy\" decoding=\"async\" src=\"https:\/\/www.comecso.com\/wp-content\/uploads\/2023\/02\/Cartel-Encuentro-sobre-Migraciones-Identidades-y-Pueblos-Originarios-810x1080.jpg\" alt=\"Encuentro sobre Migraciones, Identidades y Pueblos Originarios\" width=\"653\" height=\"870\"\/><\/a><\/figure>\n\n\n\n<p>Estudios Latinoamericanos y Latinos: Encuentro de Lenguas Originarias y Migraciones<br>Proyecto de vinculaci\u00f3n interinstitucional CRAI \u2013 UNAM Chicago \u2013 CIALC \u2013 Hamilton Lugar School<br>of Global and International Studies \u2013 IU Mexico Gateway<\/p>\n\n\n\n<p>17 y 18 de mayo 2023 | 9 am \u2013 5 pm<br>CIALC, Auditorio Leopoldo Zea, piso 3, Torre II de Humanidades, Universidad Nacional Aut\u00f3noma de M\u00e9xico.<\/p>\n\n\n\n<p><strong>Tem\u00e1tica:<\/strong><\/p>\n\n\n\n<p>Los Estudios Latinoamericanos y los llamados Latinos, en los EEUU, se encuentran enmarcados en dimensiones conceptuales y territoriales diversas. En los EEUU se concibe a Am\u00e9rica Latina en relaci\u00f3n con las poblaciones de ascendencia hispana o latinoamericana mientras que en M\u00e9xico, en la UNAM, se estudian las problem\u00e1ticas de la regi\u00f3n sin que esto incluya necesariamente a Am\u00e9rica del Norte.<\/p>\n\n\n\n<p>En este encuentro se pretende contrastar y complementar ambas visiones tomando como ejes tem\u00e1ticos las migraciones, los pueblos originarios latinoamericanos y temas de memoria, religi\u00f3n, identidad y diversidad ling\u00fc\u00edstica y social presentes en todo el continente.<\/p>\n\n\n\n<p><a rel=\"noreferrer noopener\" href=\"https:\/\/docs.google.com\/forms\/d\/e\/1FAIpQLSdQut4dhEi8pmAhYvxLwf63w8JpUGMt7upvJxAtkNkJMVLa-g\/viewform\" target=\"_blank\">Previo registro>><\/a><\/p>\n\n\n\n<p><\/p>\n\n\n\n<p class=\"has-medium-font-size\"><a rel=\"noreferrer noopener\" href=\"https:\/\/www.comecso.com\/boletin\/lt.php?tid=eR4CBAdQB1EBAE9ZDQpXG1FSU1IUCAUHUBRRVwlSVgABVVYEAVdMCFtVVwoIUQIbXFoHAxQFAgZbFF5QVQYdDQFUBFhUUwMHVlIBRAoAAVRVWgtWFAgHDlAUUgdRBx1YU1ZVTANWBgFSVFINAAJSBA\" target=\"_blank\">Colaboraci\u00f3n sociedad civil-academia 2023<\/a><\/p>\n\n\n\n<figure class=\"wp-block-image is-resized\"><a href=\"https:\/\/www.comecso.com\/convocatorias\/colaboracion-sociedad-civil-academia-2023\" target=\"_blank\" rel=\"noreferrer noopener\"><img loading=\"lazy\" decoding=\"async\" src=\"https:\/\/www.comecso.com\/wp-content\/uploads\/2023\/02\/sociedad-civil-academia-2023-810x685.jpg\" alt=\"Colaboraci\u00f3n sociedad civil-academia 2023\" width=\"639\" height=\"540\"\/><\/a><\/figure>\n\n\n\n<p><strong>PROYECTO \u201cCOLABORACI\u00d3N SOCIEDAD CIVIL-ACADEMIA 2023\u201d<\/strong><\/p>\n\n\n\n<p><strong>Descripci\u00f3n:<\/strong>&nbsp;El prop\u00f3sito del proyecto \u201cColaboraci\u00f3n Sociedad civil-Academia 2023\u201d es establecer colaboraciones entre acad\u00e9micas\/os en M\u00e9xico y organizaciones de la sociedad civil con necesidades de apoyo acad\u00e9mico. Participan organizaciones de la sociedad civil de todo el pa\u00eds, que ya han expresado su inter\u00e9s en participar y han documentado sus necesidades de apoyo acad\u00e9mico. \u00c9sta es una invitaci\u00f3n a acad\u00e9micas\/os (incluyendo estudiantes de posgrado) de universidades mexicanas que puedan dar respuesta (sin transacci\u00f3n econ\u00f3mica) a las demandas de las organizaciones participantes.<\/p>\n\n\n\n<p>Las demandas pueden revisarse en la secci\u00f3n Convocatorias de la p\u00e1gina web de la C\u00e1tedra Extraordinaria \u201cFrancisco de Vitoria-Bartolom\u00e9 de las Casas\u201d (<a href=\"https:\/\/catedra-vitoria-lascasas.blogspot.com\/p\/convocatorias.html\" target=\"_blank\" rel=\"noreferrer noopener\">https:\/\/catedra-vitoria-lascasas.blogspot.com\/p\/convocatorias.html<\/a>). Si te interesa contactar con alguna de las organizaciones env\u00eda un correo electr\u00f3nico a la C\u00e1tedra (<a href=\"mailto:sociedadcivil.academia@gmail.com\">sociedadcivil.academia@gmail.com<\/a>), con asunto \u201cinter\u00e9s acad\u00e9mico en apoyar a organizaci\u00f3n\u201d. Debes indicar qu\u00e9 organizaci\u00f3n quieres contactar y adjuntar escaneada tu credencial de acad\u00e9mica\/o (o estudiante de posgrado). La C\u00e1tedra te proporcionar\u00e1 los datos de contacto de la organizaci\u00f3n.<\/p>\n\n\n\n<p>Si tras el contacto inicial estableces efectivamente una colaboraci\u00f3n debes comunic\u00e1rselo a la C\u00e1tedra, al mismo correo electr\u00f3nico.<\/p>\n\n\n\n<p><strong>IMPORTANTE<\/strong>: La C\u00e1tedra s\u00f3lo vincula organizaciones con acad\u00e9micas\/os; no se hace responsable de la relaci\u00f3n ni de los resultados de la relaci\u00f3n entre un\/a acad\u00e9mico\/a y una organizaci\u00f3n.<\/p>\n\n\n\n<p><strong>Convocante<\/strong>: La C\u00e1tedra Extraordinaria \u201cFrancisco de Vitoria-Bartolom\u00e9 de las Casas\u201d es un espacio acad\u00e9mico institucional de estudio, an\u00e1lisis y reflexi\u00f3n a trav\u00e9s de seminarios, cursos y conferencias, especializados en el pensamiento de Francisco de Vitoria y de Bartolom\u00e9 de las Casas y los \u00e1mbitos que convergen en sus obras: derecho internacional, globalizaci\u00f3n, derechos humanos y de los pueblos y comunidades ind\u00edgenas, implicaciones morales y \u00e9ticas de la econom\u00eda, la dignidad y la condici\u00f3n humana.<\/p>\n\n\n\n<p>La C\u00e1tedra, como los dos personajes que le dan nombre, tiene una vocaci\u00f3n abierta a la sociedad. En particular, promueve la generaci\u00f3n e intercambio de conocimientos para la transformaci\u00f3n social y, en ese sentido, se interesa por el desarrollo de colaboraciones entre la academia y la sociedad civil, lo cual motiva la organizaci\u00f3n de este proyecto. La plataforma Rutas para fortalecer (<a href=\"https:\/\/rutasparafortalecer.org\/\" target=\"_blank\" rel=\"noreferrer noopener\">https:\/\/rutasparafortalecer.org<\/a>) apoya el proyecto.<\/p>\n\n\n\n<p><strong>Consultas<\/strong>:\u00a0<a href=\"mailto:sociedadcivil.academia@gmail.com\">sociedadcivil.academia@gmail.com<\/a><\/p>\n\n\n\n<p><\/p>\n\n\n\n<figure class=\"wp-block-image is-resized\"><img loading=\"lazy\" decoding=\"async\" src=\"https:\/\/ci4.googleusercontent.com\/proxy\/fymXb5F6D6310PWFsXcnmJdTWl763Ph3E5MIOwhwPdSETnSmv_cNby3SR2HtYgxtJtxTP5ecnmvLjzQZqu3Gcu0WM6gx9yHiSSi1Aj9ySHbIyhIQEOmwRVEFsrJOCxeytXw=s0-d-e1-ft#https:\/\/www.comecso.com\/wp-content\/uploads\/2016\/07\/featuredobservatorioCS-1.png\" alt=\"\" width=\"630\" height=\"168\"\/><\/figure>\n","protected":false},"excerpt":{"rendered":"<p>5\u00b0 Congreso Internacional sobre G\u00e9nero y Espacio La Universidad Aut\u00f3noma del Estado de M\u00e9xico, a trav\u00e9s de la Secretar\u00eda de Investigaci\u00f3n y Estudios Avanzados, la Facultad de Ciencias Pol\u00edticas y Sociales y el Instituto de Ciencias Agropecuarias y Rurales La Universidad Nacional Aut\u00f3noma de M\u00e9xico a trav\u00e9s del Centro de Investigaciones y Estudios de G\u00e9nero, [&hellip;]<\/p>\n","protected":false},"author":10,"featured_media":0,"comment_status":"closed","ping_status":"closed","sticky":false,"template":"","format":"standard","meta":{"_acf_changed":false,"footnotes":""},"categories":[1],"tags":[],"class_list":["post-29515","post","type-post","status-publish","format-standard","hentry","category-avisosyconvocatorias"],"acf":[],"_links":{"self":[{"href":"https:\/\/www.colef.mx\/elmuro\/wp-json\/wp\/v2\/posts\/29515"}],"collection":[{"href":"https:\/\/www.colef.mx\/elmuro\/wp-json\/wp\/v2\/posts"}],"about":[{"href":"https:\/\/www.colef.mx\/elmuro\/wp-json\/wp\/v2\/types\/post"}],"author":[{"embeddable":true,"href":"https:\/\/www.colef.mx\/elmuro\/wp-json\/wp\/v2\/users\/10"}],"replies":[{"embeddable":true,"href":"https:\/\/www.colef.mx\/elmuro\/wp-json\/wp\/v2\/comments?post=29515"}],"version-history":[{"count":1,"href":"https:\/\/www.colef.mx\/elmuro\/wp-json\/wp\/v2\/posts\/29515\/revisions"}],"predecessor-version":[{"id":29516,"href":"https:\/\/www.colef.mx\/elmuro\/wp-json\/wp\/v2\/posts\/29515\/revisions\/29516"}],"wp:attachment":[{"href":"https:\/\/www.colef.mx\/elmuro\/wp-json\/wp\/v2\/media?parent=29515"}],"wp:term":[{"taxonomy":"category","embeddable":true,"href":"https:\/\/www.colef.mx\/elmuro\/wp-json\/wp\/v2\/categories?post=29515"},{"taxonomy":"post_tag","embeddable":true,"href":"https:\/\/www.colef.mx\/elmuro\/wp-json\/wp\/v2\/tags?post=29515"}],"curies":[{"name":"wp","href":"https:\/\/api.w.org\/{rel}","templated":true}]}}