{"id":2124,"date":"2010-06-09T11:49:21","date_gmt":"2010-06-09T18:49:21","guid":{"rendered":"http:\/\/www2.colef.mx\/elmuro\/?p=2124"},"modified":"2010-06-09T11:49:21","modified_gmt":"2010-06-09T18:49:21","slug":"oportunidades-movilidad-de-profesores-investigadores-a-espana","status":"publish","type":"post","link":"https:\/\/www.colef.mx\/elmuro\/oportunidades-movilidad-de-profesores-investigadores-a-espana\/","title":{"rendered":"Oportunidades movilidad de profesores investigadores a Espa\u00f1a"},"content":{"rendered":"<p>El Ministerio de Educaci\u00f3n de Espa\u00f1a abre su convocatoria 2010 para realizar:<\/p>\n<p>a. Estancias de movilidad de profesores e investigadores espa\u00f1oles en centros extranjeros.<\/p>\n<p>b. Estancias de movilidad de profesores e investigadores extranjeros en centros espa\u00f1oles.<\/p>\n<p>&#8212;&#8212;&#8212;&#8212;&#8212;&#8212;<\/p>\n<p>Movilidad de profesores extranjeros en Espa\u00f1a:<\/p>\n<p>1. Modalidad A. Estancias de profesores e investigadores extranjeros de acreditada experiencia en r\u00e9gimen de a\u00f1o sab\u00e1tico en centros espa\u00f1oles.<\/p>\n<p>2. Modalidad B. Estancias de j\u00f3venes doctores extranjeros en centros espa\u00f1oles.<br \/>\nBeneficios<\/p>\n<p>dotaci\u00f3n econ\u00f3mica mensual<br \/>\ntransportaci\u00f3n desde lugar de origen<br \/>\nseguro medico<\/p>\n<p>El plazo de presentaci\u00f3n de solicitudes ser\u00e1 del 12 al 31 de julio de 2010.<\/p>\n<p><a href=\"http:\/\/www2.colef.mx\/elmuro\/wp-content\/uploads\/2010\/06\/2010junio09boe-a-2010-8936.pdf\">CONVOCATORIA COMPLETA<br \/>\n<\/a><\/p>\n","protected":false},"excerpt":{"rendered":"<p>El Ministerio de Educaci\u00f3n de Espa\u00f1a abre su convocatoria 2010 para realizar: a. Estancias de movilidad de profesores e investigadores espa\u00f1oles en centros extranjeros. b. Estancias de movilidad de profesores e investigadores extranjeros en centros espa\u00f1oles. &#8212;&#8212;&#8212;&#8212;&#8212;&#8212; Movilidad de profesores extranjeros en Espa\u00f1a: 1. Modalidad A. Estancias de profesores e investigadores extranjeros de acreditada experiencia [&hellip;]<\/p>\n","protected":false},"author":8,"featured_media":0,"comment_status":"closed","ping_status":"closed","sticky":false,"template":"","format":"standard","meta":{"_acf_changed":false,"footnotes":""},"categories":[1,66],"tags":[],"class_list":["post-2124","post","type-post","status-publish","format-standard","hentry","category-avisosyconvocatorias","category-convocatorias-internacionales"],"acf":[],"_links":{"self":[{"href":"https:\/\/www.colef.mx\/elmuro\/wp-json\/wp\/v2\/posts\/2124"}],"collection":[{"href":"https:\/\/www.colef.mx\/elmuro\/wp-json\/wp\/v2\/posts"}],"about":[{"href":"https:\/\/www.colef.mx\/elmuro\/wp-json\/wp\/v2\/types\/post"}],"author":[{"embeddable":true,"href":"https:\/\/www.colef.mx\/elmuro\/wp-json\/wp\/v2\/users\/8"}],"replies":[{"embeddable":true,"href":"https:\/\/www.colef.mx\/elmuro\/wp-json\/wp\/v2\/comments?post=2124"}],"version-history":[{"count":0,"href":"https:\/\/www.colef.mx\/elmuro\/wp-json\/wp\/v2\/posts\/2124\/revisions"}],"wp:attachment":[{"href":"https:\/\/www.colef.mx\/elmuro\/wp-json\/wp\/v2\/media?parent=2124"}],"wp:term":[{"taxonomy":"category","embeddable":true,"href":"https:\/\/www.colef.mx\/elmuro\/wp-json\/wp\/v2\/categories?post=2124"},{"taxonomy":"post_tag","embeddable":true,"href":"https:\/\/www.colef.mx\/elmuro\/wp-json\/wp\/v2\/tags?post=2124"}],"curies":[{"name":"wp","href":"https:\/\/api.w.org\/{rel}","templated":true}]}}