{"id":1765,"date":"2010-03-23T12:47:36","date_gmt":"2010-03-23T19:47:36","guid":{"rendered":"http:\/\/www2.colef.mx\/elmuro\/?p=1765"},"modified":"2010-03-23T12:47:36","modified_gmt":"2010-03-23T19:47:36","slug":"i-congreso-nacional-derechos-humanos-violencia-social-y-de-genero","status":"publish","type":"post","link":"https:\/\/www.colef.mx\/elmuro\/i-congreso-nacional-derechos-humanos-violencia-social-y-de-genero\/","title":{"rendered":"I CONGRESO NACIONAL DERECHOS HUMANOS, VIOLENCIA SOCIAL Y DE G\u00c9NERO"},"content":{"rendered":"<p>CONVOCATORIA<br \/>\n19, 20 y 21 de agosto de 2010<\/p>\n<p>OBJETIVO PRINCIPAL<br \/>\nPropiciar el an\u00e1lisis, discusi\u00f3n y difusi\u00f3n de puntos de vista diversos sobre los Derechos Humanos, la Violencia Social y de G\u00e9nero en M\u00e9xico.<\/p>\n<p>INSTITUCIONES CONVOCANTES<\/p>\n<p>Observatorio de Violencia Social y de G\u00e9nero en Hidalgo<br \/>\nAcademia Hidalguense de Educaci\u00f3n y Derechos Humanos A.C.<br \/>\nFundaci\u00f3n Arturo Herrera Caba\u00f1as A.C.<br \/>\nUniversidad\u00a0 Aut\u00f3noma de la Ciudad de M\u00e9xico (UACM)- Programa De Derechos Humanos<\/p>\n<p>Universidad La Salle , Pachuca<br \/>\nUniversidad Pedag\u00f3gica Nacional (UPN), Hidalgo<\/p>\n<p><!--more--><br \/>\nMesas de trabajo<\/p>\n<p>Mesa 1 Derechos Humanos.\u00a0\u00a0\u00a0\u00a0 (Situaci\u00f3n de los Derechos Humanos en M\u00e9xico, Derechos civiles y militarizaci\u00f3n, Papel de los Organismos P\u00fablicos de DH (OPDH)<\/p>\n<p>Mesa 2 Violencia Social\u00a0\u00a0 (Pueblos Ind\u00edgenas; Usos y costumbres, Criminalizaci\u00f3n de la protesta social, Estado y violencia colectiva)<\/p>\n<p>Mesa 3 Violencia de g\u00e9nero (Legislaci\u00f3n nacional e internacional, criminalizaci\u00f3n, pol\u00edticas p\u00fablicas, Problem\u00e1tica, avances y retrocesos).<\/p>\n<p>SEDE: Fundaci\u00f3n Arturo Herrera Caba\u00f1as A.C,\u00a0 Calle Allende 113, Col Centro Pachuca Hidalgo,<\/p>\n<p>Informes a los Tels: 01 771 525 67\/ 01771 71 574 80 \/\u00a0 <a href=\"www.observahidalgo.org\">www.observahidalgo.org<br \/>\n<\/a><br \/>\nEnv\u00edo de res\u00famenes: Fecha l\u00edmite: 21 de abril de 2010<br \/>\n<a href=\"mailto:acaderh@yahoo.com.mx\">acaderh@yahoo.com.mx<\/a>, <a href=\"mailto:contacto@observahidalgo.org\">contacto@observahidalgo.org<\/a><\/p>\n<p>Aceptaci\u00f3n de propuestas: 7 de mayo de 2010<br \/>\nPago de Inscripci\u00f3n $ 400: Hasta 30 de mayo (Inclusi\u00f3n en el programa)<br \/>\nEnv\u00edo de ponencias, fecha l\u00edmite: 25 de junio (publicaci\u00f3n en CD)<\/p>\n","protected":false},"excerpt":{"rendered":"<p>CONVOCATORIA 19, 20 y 21 de agosto de 2010 OBJETIVO PRINCIPAL Propiciar el an\u00e1lisis, discusi\u00f3n y difusi\u00f3n de puntos de vista diversos sobre los Derechos Humanos, la Violencia Social y de G\u00e9nero en M\u00e9xico. INSTITUCIONES CONVOCANTES Observatorio de Violencia Social y de G\u00e9nero en Hidalgo Academia Hidalguense de Educaci\u00f3n y Derechos Humanos A.C. Fundaci\u00f3n Arturo [&hellip;]<\/p>\n","protected":false},"author":8,"featured_media":0,"comment_status":"closed","ping_status":"closed","sticky":false,"template":"","format":"standard","meta":{"_acf_changed":false,"footnotes":""},"categories":[1,64],"tags":[],"class_list":["post-1765","post","type-post","status-publish","format-standard","hentry","category-avisosyconvocatorias","category-convocatorias-nacionales"],"acf":[],"_links":{"self":[{"href":"https:\/\/www.colef.mx\/elmuro\/wp-json\/wp\/v2\/posts\/1765"}],"collection":[{"href":"https:\/\/www.colef.mx\/elmuro\/wp-json\/wp\/v2\/posts"}],"about":[{"href":"https:\/\/www.colef.mx\/elmuro\/wp-json\/wp\/v2\/types\/post"}],"author":[{"embeddable":true,"href":"https:\/\/www.colef.mx\/elmuro\/wp-json\/wp\/v2\/users\/8"}],"replies":[{"embeddable":true,"href":"https:\/\/www.colef.mx\/elmuro\/wp-json\/wp\/v2\/comments?post=1765"}],"version-history":[{"count":0,"href":"https:\/\/www.colef.mx\/elmuro\/wp-json\/wp\/v2\/posts\/1765\/revisions"}],"wp:attachment":[{"href":"https:\/\/www.colef.mx\/elmuro\/wp-json\/wp\/v2\/media?parent=1765"}],"wp:term":[{"taxonomy":"category","embeddable":true,"href":"https:\/\/www.colef.mx\/elmuro\/wp-json\/wp\/v2\/categories?post=1765"},{"taxonomy":"post_tag","embeddable":true,"href":"https:\/\/www.colef.mx\/elmuro\/wp-json\/wp\/v2\/tags?post=1765"}],"curies":[{"name":"wp","href":"https:\/\/api.w.org\/{rel}","templated":true}]}}