{"id":1760,"date":"2010-03-23T12:42:30","date_gmt":"2010-03-23T19:42:30","guid":{"rendered":"http:\/\/www2.colef.mx\/elmuro\/?p=1760"},"modified":"2010-03-23T12:42:30","modified_gmt":"2010-03-23T19:42:30","slug":"11%c2%b0-concurso-de-cuadernos-de-experimentos","status":"publish","type":"post","link":"https:\/\/www.colef.mx\/elmuro\/11%c2%b0-concurso-de-cuadernos-de-experimentos\/","title":{"rendered":"11\u00b0 Concurso de Cuadernos de Experimentos"},"content":{"rendered":"<p>El Consejo Nacional de Ciencia y Tecnolog\u00eda tiene el gusto de invitarle a participar en el 11\u00b0 Concurso de Cuadernos de Experimentos, cuyo objetivo es el de cultivar el inter\u00e9s de ni\u00f1os y j\u00f3venes por los temas cient\u00edficos y tecnol\u00f3gicos.<\/p>\n<p>Todos los profesores de nivel preescolar, primaria, secundaria y preparatoria, as\u00ed como cient\u00edficos y divulgadores de la ciencia est\u00e1n invitados a presentar sus propuestas.<\/p>\n<p>FECHAS IMPORTANTES:<br \/>\nApertura de convocatoria: 17 de marzo<br \/>\nCierre de convocatoria: 04 de junio<br \/>\nPublicaci\u00f3n de resultados: 30 de junio<\/p>\n<p><a href=\"http:\/\/www2.colef.mx\/elmuro\/wp-content\/uploads\/2010\/03\/2010mar23convocatoria-cce-2010.pdf\">CONVOCATORIA<\/a><\/p>\n","protected":false},"excerpt":{"rendered":"<p>El Consejo Nacional de Ciencia y Tecnolog\u00eda tiene el gusto de invitarle a participar en el 11\u00b0 Concurso de Cuadernos de Experimentos, cuyo objetivo es el de cultivar el inter\u00e9s de ni\u00f1os y j\u00f3venes por los temas cient\u00edficos y tecnol\u00f3gicos. Todos los profesores de nivel preescolar, primaria, secundaria y preparatoria, as\u00ed como cient\u00edficos y divulgadores [&hellip;]<\/p>\n","protected":false},"author":8,"featured_media":0,"comment_status":"closed","ping_status":"closed","sticky":false,"template":"","format":"standard","meta":{"_acf_changed":false,"footnotes":""},"categories":[1,64],"tags":[],"class_list":["post-1760","post","type-post","status-publish","format-standard","hentry","category-avisosyconvocatorias","category-convocatorias-nacionales"],"acf":[],"_links":{"self":[{"href":"https:\/\/www.colef.mx\/elmuro\/wp-json\/wp\/v2\/posts\/1760"}],"collection":[{"href":"https:\/\/www.colef.mx\/elmuro\/wp-json\/wp\/v2\/posts"}],"about":[{"href":"https:\/\/www.colef.mx\/elmuro\/wp-json\/wp\/v2\/types\/post"}],"author":[{"embeddable":true,"href":"https:\/\/www.colef.mx\/elmuro\/wp-json\/wp\/v2\/users\/8"}],"replies":[{"embeddable":true,"href":"https:\/\/www.colef.mx\/elmuro\/wp-json\/wp\/v2\/comments?post=1760"}],"version-history":[{"count":0,"href":"https:\/\/www.colef.mx\/elmuro\/wp-json\/wp\/v2\/posts\/1760\/revisions"}],"wp:attachment":[{"href":"https:\/\/www.colef.mx\/elmuro\/wp-json\/wp\/v2\/media?parent=1760"}],"wp:term":[{"taxonomy":"category","embeddable":true,"href":"https:\/\/www.colef.mx\/elmuro\/wp-json\/wp\/v2\/categories?post=1760"},{"taxonomy":"post_tag","embeddable":true,"href":"https:\/\/www.colef.mx\/elmuro\/wp-json\/wp\/v2\/tags?post=1760"}],"curies":[{"name":"wp","href":"https:\/\/api.w.org\/{rel}","templated":true}]}}