{"id":1754,"date":"2010-03-23T12:40:04","date_gmt":"2010-03-23T19:40:04","guid":{"rendered":"http:\/\/www2.colef.mx\/elmuro\/?p=1754"},"modified":"2010-03-23T12:40:04","modified_gmt":"2010-03-23T19:40:04","slug":"premio-arturo-warman-2010","status":"publish","type":"post","link":"https:\/\/www.colef.mx\/elmuro\/premio-arturo-warman-2010\/","title":{"rendered":"Premio Arturo Warman 2010"},"content":{"rendered":"<p>La C\u00e1tedra Interinstitucional Arturo Warman constituida por la Universidad Nacional Aut\u00f3noma de M\u00e9xico, el Instituto Nacional de Antropolog\u00eda e Historia, El Colegio de M\u00e9xico, el Centro de Investigaciones y Estudios Superiores en Antropolog\u00eda Social, la Universidad Aut\u00f3noma Metropolitana, la Universidad Iberoamericana, A.C. y el Colegio de Etn\u00f3logos y Antrop\u00f3logos, A. C., abre la convocatoria al Premio Arturo Warman 2010, Tercera edici\u00f3n con el objetivo de alentar la investigaci\u00f3n en las ciencias sociales.<br \/>\n<!--more--><br \/>\nLa recepci\u00f3n de los trabajos se realizar\u00e1 del 15 de marzo al 30 de julio de 2010, con el tema \u201cEl campo en el nuevo milenio: nuevos actores y nuevas estrategias\u201d bajo las siguientes tem\u00e1ticas particulares: Desarrollo social, rural y problemas agrarios; Sistemas producto;\u00a0 Agua y medio ambiente; Sociedades ind\u00edgenas; Agroecosistemas tradicionales; Nueva ruralidad, lo local y lo global.<\/p>\n<p>Cabe mencionar que el Premio estar\u00e1 dividido en tres categor\u00edas<\/p>\n<p>i. Tesis de licenciatura.<br \/>\nii. Tesis de maestr\u00eda.<br \/>\niii. Investigaci\u00f3n o tesis de doctorado.<\/p>\n<p><a href=\"http:\/\/www2.colef.mx\/elmuro\/wp-content\/uploads\/2010\/03\/2010mar23warman.jpg\">INVITACION<\/a><br \/>\n<a href=\"http:\/\/www2.colef.mx\/elmuro\/wp-content\/uploads\/2010\/03\/2010mar23cartelaw_portal.pdf\">CARTEL<\/a><\/p>\n","protected":false},"excerpt":{"rendered":"<p>La C\u00e1tedra Interinstitucional Arturo Warman constituida por la Universidad Nacional Aut\u00f3noma de M\u00e9xico, el Instituto Nacional de Antropolog\u00eda e Historia, El Colegio de M\u00e9xico, el Centro de Investigaciones y Estudios Superiores en Antropolog\u00eda Social, la Universidad Aut\u00f3noma Metropolitana, la Universidad Iberoamericana, A.C. y el Colegio de Etn\u00f3logos y Antrop\u00f3logos, A. C., abre la convocatoria al [&hellip;]<\/p>\n","protected":false},"author":8,"featured_media":0,"comment_status":"closed","ping_status":"closed","sticky":false,"template":"","format":"standard","meta":{"_acf_changed":false,"footnotes":""},"categories":[1,64],"tags":[],"class_list":["post-1754","post","type-post","status-publish","format-standard","hentry","category-avisosyconvocatorias","category-convocatorias-nacionales"],"acf":[],"_links":{"self":[{"href":"https:\/\/www.colef.mx\/elmuro\/wp-json\/wp\/v2\/posts\/1754"}],"collection":[{"href":"https:\/\/www.colef.mx\/elmuro\/wp-json\/wp\/v2\/posts"}],"about":[{"href":"https:\/\/www.colef.mx\/elmuro\/wp-json\/wp\/v2\/types\/post"}],"author":[{"embeddable":true,"href":"https:\/\/www.colef.mx\/elmuro\/wp-json\/wp\/v2\/users\/8"}],"replies":[{"embeddable":true,"href":"https:\/\/www.colef.mx\/elmuro\/wp-json\/wp\/v2\/comments?post=1754"}],"version-history":[{"count":0,"href":"https:\/\/www.colef.mx\/elmuro\/wp-json\/wp\/v2\/posts\/1754\/revisions"}],"wp:attachment":[{"href":"https:\/\/www.colef.mx\/elmuro\/wp-json\/wp\/v2\/media?parent=1754"}],"wp:term":[{"taxonomy":"category","embeddable":true,"href":"https:\/\/www.colef.mx\/elmuro\/wp-json\/wp\/v2\/categories?post=1754"},{"taxonomy":"post_tag","embeddable":true,"href":"https:\/\/www.colef.mx\/elmuro\/wp-json\/wp\/v2\/tags?post=1754"}],"curies":[{"name":"wp","href":"https:\/\/api.w.org\/{rel}","templated":true}]}}