{"id":16832,"date":"2015-08-18T16:22:28","date_gmt":"2015-08-18T23:22:28","guid":{"rendered":"http:\/\/www.colef.mx\/elmuro\/?p=16832"},"modified":"2015-08-18T16:22:28","modified_gmt":"2015-08-18T23:22:28","slug":"xi-premio-nacional-a-la-excelencia-periodistica-rostros-de-la-discriminacion-gilberto-rincon-gallardo","status":"publish","type":"post","link":"https:\/\/www.colef.mx\/elmuro\/xi-premio-nacional-a-la-excelencia-periodistica-rostros-de-la-discriminacion-gilberto-rincon-gallardo\/","title":{"rendered":"XI Premio Nacional a la excelencia period\u00edstica Rostros de la Discriminaci\u00f3n \u201cGilberto Rinc\u00f3n Gallardo\u201d"},"content":{"rendered":"<p>XI Premio Nacional a la excelencia period\u00edstica Rostros de la Discriminaci\u00f3n \u201cGilberto Rinc\u00f3n Gallardo\u201d<\/p>\n<p>Objetivos<\/p>\n<p>\u2013 Propiciar el inter\u00e9s y reflexi\u00f3n de la opini\u00f3n p\u00fablica sobre el derecho a la igualdad y no discriminaci\u00f3n.<\/p>\n<p>\u2013 Reconocer el trabajo que realizan las personas dedicadas al periodismo, enfocado a sensibilizar a la opini\u00f3n p\u00fablica sobre la importancia de la cultura de la igualdad y no discriminaci\u00f3n.<\/p>\n<p>\u00bfQui\u00e9nes pueden participar?<\/p>\n<p>\u2013 Todas aquellas personas radicadas en M\u00e9xico que se dediquen a labores period\u00edsticas de comunicaci\u00f3n por medio de: texto, imagen, ilustraci\u00f3n, audio y multimedia en los diversos medios de comunicaci\u00f3n.<br \/>\nConvocatoria abierta hasta el 4 de septiembre de 2015<br \/>\nConsulta las bases en : <a href=\"http:\/\/l.facebook.com\/l.php?u=http%3A%2F%2Fbit.ly%2F1f4cced&amp;h=JAQHpynvs&amp;enc=AZPbH67FzhmNyg90_v2hY8LjFwN4xh4Sy2J40-YBQuq2GGdg-UJ6v_Qs9K8Tk_0gy_Nf15WZ-k1P1iu-UBENmQwpgf2rN5j2CHgoRNPQjxPAiwZlH4iOWZGeY7I747KIZ0aaMsjOu4KuJEGMSQnk6f7D&amp;s=1\" target=\"_blank\" rel=\"nofollow nofollow\">http:\/\/bit.ly\/1f4cced<\/a><\/p>\n<p><a href=\"http:\/\/www.colef.mx\/elmuro\/..\/media_elmuro\/2015\/08\/rostros.jpg\"><img loading=\"lazy\" decoding=\"async\" class=\"alignnone  wp-image-16833\" src=\"http:\/\/www.colef.mx\/elmuro\/..\/media_elmuro\/2015\/08\/rostros.jpg\" alt=\"rostros\" width=\"487\" height=\"731\" \/><\/a><\/p>\n","protected":false},"excerpt":{"rendered":"<p>XI Premio Nacional a la excelencia period\u00edstica Rostros de la Discriminaci\u00f3n \u201cGilberto Rinc\u00f3n Gallardo\u201d Objetivos \u2013 Propiciar el inter\u00e9s y reflexi\u00f3n de la opini\u00f3n p\u00fablica sobre el derecho a la igualdad y no discriminaci\u00f3n. \u2013 Reconocer el trabajo que realizan las personas dedicadas al periodismo, enfocado a sensibilizar a la opini\u00f3n p\u00fablica sobre la importancia [&hellip;]<\/p>\n","protected":false},"author":10,"featured_media":0,"comment_status":"closed","ping_status":"closed","sticky":false,"template":"","format":"standard","meta":{"_acf_changed":false,"footnotes":""},"categories":[1,64],"tags":[],"class_list":["post-16832","post","type-post","status-publish","format-standard","hentry","category-avisosyconvocatorias","category-convocatorias-nacionales"],"acf":[],"_links":{"self":[{"href":"https:\/\/www.colef.mx\/elmuro\/wp-json\/wp\/v2\/posts\/16832"}],"collection":[{"href":"https:\/\/www.colef.mx\/elmuro\/wp-json\/wp\/v2\/posts"}],"about":[{"href":"https:\/\/www.colef.mx\/elmuro\/wp-json\/wp\/v2\/types\/post"}],"author":[{"embeddable":true,"href":"https:\/\/www.colef.mx\/elmuro\/wp-json\/wp\/v2\/users\/10"}],"replies":[{"embeddable":true,"href":"https:\/\/www.colef.mx\/elmuro\/wp-json\/wp\/v2\/comments?post=16832"}],"version-history":[{"count":0,"href":"https:\/\/www.colef.mx\/elmuro\/wp-json\/wp\/v2\/posts\/16832\/revisions"}],"wp:attachment":[{"href":"https:\/\/www.colef.mx\/elmuro\/wp-json\/wp\/v2\/media?parent=16832"}],"wp:term":[{"taxonomy":"category","embeddable":true,"href":"https:\/\/www.colef.mx\/elmuro\/wp-json\/wp\/v2\/categories?post=16832"},{"taxonomy":"post_tag","embeddable":true,"href":"https:\/\/www.colef.mx\/elmuro\/wp-json\/wp\/v2\/tags?post=16832"}],"curies":[{"name":"wp","href":"https:\/\/api.w.org\/{rel}","templated":true}]}}