{"id":1625,"date":"2010-02-22T17:23:30","date_gmt":"2010-02-23T00:23:30","guid":{"rendered":"http:\/\/www2.colef.mx\/elmuro\/?p=1625"},"modified":"2010-02-22T17:23:30","modified_gmt":"2010-02-23T00:23:30","slug":"las-artes-en-la-vida-de-un-nino","status":"publish","type":"post","link":"https:\/\/www.colef.mx\/elmuro\/las-artes-en-la-vida-de-un-nino\/","title":{"rendered":"Las artes en la vida de un ni\u00f1o"},"content":{"rendered":"<p><a href=\"http:\/\/www2.colef.mx\/elmuro\/wp-content\/uploads\/2010\/02\/lasartes.jpg\"><img loading=\"lazy\" decoding=\"async\" class=\"alignleft size-full wp-image-1624\" title=\"lasartes\" src=\"http:\/\/www2.colef.mx\/elmuro\/wp-content\/uploads\/2010\/02\/lasartes.jpg\" alt=\"lasartes\" width=\"516\" height=\"184\" \/><\/a><\/p>\n<p>Los invitamos a la conferencia \u201c<strong>Las artes en la vida de un ni\u00f1o<\/strong>\u201d impartida por Susana R\u00edos Szalay reconocida por:<\/p>\n<p>\u2022\tFundadora y coordinadora del programa nacional Alas y Ra\u00edces,<\/p>\n<p>\u2022\tCoordinadora Nacional del Plan de Actividades Culturales de Apoyo a la Educaci\u00f3n Primaria PACAEP,<\/p>\n<p>\u2022\tCrear los talleres Paseo por el M\u00e9xico de los tiempos de la Independencia,<\/p>\n<p>\u2022\tAdem\u00e1s de m\u00faltiples proyectos para el fomento de las artes en los ni\u00f1os.<\/p>\n<p>Jueves 25 de febrero<br \/>\nLugar Vest\u00edbulo del Cubo<br \/>\nHora de 10:00 a 11:00 am<br \/>\nEntrada Libre.<\/p>\n<p>Les agradecemos confirmar su asistencia y hacer extensiva la invitaci\u00f3n.<\/p>\n","protected":false},"excerpt":{"rendered":"<p>Los invitamos a la conferencia \u201cLas artes en la vida de un ni\u00f1o\u201d impartida por Susana R\u00edos Szalay reconocida por: \u2022 Fundadora y coordinadora del programa nacional Alas y Ra\u00edces, \u2022 Coordinadora Nacional del Plan de Actividades Culturales de Apoyo a la Educaci\u00f3n Primaria PACAEP, \u2022 Crear los talleres Paseo por el M\u00e9xico de los [&hellip;]<\/p>\n","protected":false},"author":8,"featured_media":0,"comment_status":"open","ping_status":"open","sticky":false,"template":"","format":"standard","meta":{"_acf_changed":false,"footnotes":""},"categories":[1],"tags":[],"class_list":["post-1625","post","type-post","status-publish","format-standard","hentry","category-avisosyconvocatorias"],"acf":[],"_links":{"self":[{"href":"https:\/\/www.colef.mx\/elmuro\/wp-json\/wp\/v2\/posts\/1625"}],"collection":[{"href":"https:\/\/www.colef.mx\/elmuro\/wp-json\/wp\/v2\/posts"}],"about":[{"href":"https:\/\/www.colef.mx\/elmuro\/wp-json\/wp\/v2\/types\/post"}],"author":[{"embeddable":true,"href":"https:\/\/www.colef.mx\/elmuro\/wp-json\/wp\/v2\/users\/8"}],"replies":[{"embeddable":true,"href":"https:\/\/www.colef.mx\/elmuro\/wp-json\/wp\/v2\/comments?post=1625"}],"version-history":[{"count":0,"href":"https:\/\/www.colef.mx\/elmuro\/wp-json\/wp\/v2\/posts\/1625\/revisions"}],"wp:attachment":[{"href":"https:\/\/www.colef.mx\/elmuro\/wp-json\/wp\/v2\/media?parent=1625"}],"wp:term":[{"taxonomy":"category","embeddable":true,"href":"https:\/\/www.colef.mx\/elmuro\/wp-json\/wp\/v2\/categories?post=1625"},{"taxonomy":"post_tag","embeddable":true,"href":"https:\/\/www.colef.mx\/elmuro\/wp-json\/wp\/v2\/tags?post=1625"}],"curies":[{"name":"wp","href":"https:\/\/api.w.org\/{rel}","templated":true}]}}