{"id":15463,"date":"2014-11-11T15:04:47","date_gmt":"2014-11-11T22:04:47","guid":{"rendered":"http:\/\/www.colef.mx\/elmuro\/?p=15463"},"modified":"2014-11-11T15:04:47","modified_gmt":"2014-11-11T22:04:47","slug":"programa-xii-felino-2014","status":"publish","type":"post","link":"https:\/\/www.colef.mx\/elmuro\/programa-xii-felino-2014\/","title":{"rendered":"Programa XII FeLiNo 2014"},"content":{"rendered":"<p><strong>El Centro Cultural Tijuana, Organismo del Consejo Nacional para la Cultura y las Artes<\/strong><\/p>\n<p>Invita \u00a0a la inauguraci\u00f3n del XII Festival de Literatura del Noroeste.<\/p>\n<p>El FeLiNo 2014 iniciar\u00e1 sus actividades con un merecido reconocimiento a cuatro autores bajacalifornianos: Federico Campbell, Rafa Saavedra, No\u00e9 Carrillo y Eduardo Arellano. Una lectura en voz alta de sus obras unir\u00e1 a diferentes autores para que estos textos funjan como el tel\u00f3n que se levanta a la celebraci\u00f3n literaria.<\/p>\n<p>Posterior a la ceremonia se ofrecer\u00e1 un brindis de bienvenida y la participaci\u00f3n de La ballena de Jon\u00e1s.<\/p>\n<p>Mi\u00e9rcoles 12 de noviembre, a las\u00a019:00 hrs, Sala de Usos M\u00faltiples del CECUT.<\/p>\n<p><img decoding=\"async\" class=\"aligncenter\" src=\"http:\/\/www.ucarecdn.com\/eb96d1b7-03b7-4207-9273-0f7a89ada74a\/\" alt=\"felino.jpg\" \/><\/p>\n<p>&nbsp;<\/p>\n","protected":false},"excerpt":{"rendered":"<p>El Centro Cultural Tijuana, Organismo del Consejo Nacional para la Cultura y las Artes Invita \u00a0a la inauguraci\u00f3n del XII Festival de Literatura del Noroeste. El FeLiNo 2014 iniciar\u00e1 sus actividades con un merecido reconocimiento a cuatro autores bajacalifornianos: Federico Campbell, Rafa Saavedra, No\u00e9 Carrillo y Eduardo Arellano. Una lectura en voz alta de sus [&hellip;]<\/p>\n","protected":false},"author":10,"featured_media":0,"comment_status":"open","ping_status":"open","sticky":false,"template":"","format":"standard","meta":{"_acf_changed":false,"footnotes":""},"categories":[1,68],"tags":[],"class_list":["post-15463","post","type-post","status-publish","format-standard","hentry","category-avisosyconvocatorias","category-eventos"],"acf":[],"_links":{"self":[{"href":"https:\/\/www.colef.mx\/elmuro\/wp-json\/wp\/v2\/posts\/15463"}],"collection":[{"href":"https:\/\/www.colef.mx\/elmuro\/wp-json\/wp\/v2\/posts"}],"about":[{"href":"https:\/\/www.colef.mx\/elmuro\/wp-json\/wp\/v2\/types\/post"}],"author":[{"embeddable":true,"href":"https:\/\/www.colef.mx\/elmuro\/wp-json\/wp\/v2\/users\/10"}],"replies":[{"embeddable":true,"href":"https:\/\/www.colef.mx\/elmuro\/wp-json\/wp\/v2\/comments?post=15463"}],"version-history":[{"count":0,"href":"https:\/\/www.colef.mx\/elmuro\/wp-json\/wp\/v2\/posts\/15463\/revisions"}],"wp:attachment":[{"href":"https:\/\/www.colef.mx\/elmuro\/wp-json\/wp\/v2\/media?parent=15463"}],"wp:term":[{"taxonomy":"category","embeddable":true,"href":"https:\/\/www.colef.mx\/elmuro\/wp-json\/wp\/v2\/categories?post=15463"},{"taxonomy":"post_tag","embeddable":true,"href":"https:\/\/www.colef.mx\/elmuro\/wp-json\/wp\/v2\/tags?post=15463"}],"curies":[{"name":"wp","href":"https:\/\/api.w.org\/{rel}","templated":true}]}}