{"id":14511,"date":"2014-07-01T12:11:59","date_gmt":"2014-07-01T19:11:59","guid":{"rendered":"http:\/\/www.colef.mx\/elmuro\/?p=14511"},"modified":"2014-07-01T12:11:59","modified_gmt":"2014-07-01T19:11:59","slug":"noticide-79","status":"publish","type":"post","link":"https:\/\/www.colef.mx\/elmuro\/noticide-79\/","title":{"rendered":"notiCIDE"},"content":{"rendered":"<p><a href=\"http:\/\/www.colef.mx\/elmuro\/..\/media_elmuro\/2014\/03\/unnamed2.jpg\"><img loading=\"lazy\" decoding=\"async\" class=\"alignnone  wp-image-13234\" alt=\"unnamed\" src=\"http:\/\/www.colef.mx\/elmuro\/..\/media_elmuro\/2014\/03\/unnamed2.jpg\" width=\"480\" height=\"174\" \/><\/a><\/p>\n<p>&nbsp;<\/p>\n<table border=\"0\" cellspacing=\"0\" cellpadding=\"0\" bgcolor=\"#E7EEDF\">\n<tbody>\n<tr>\n<td bgcolor=\"#E7EEDF\" width=\"20\"><\/td>\n<td valign=\"top\" bgcolor=\"#E7EEDF\" width=\"400\"><img loading=\"lazy\" decoding=\"async\" alt=\"Actividades\" src=\"https:\/\/ci4.googleusercontent.com\/proxy\/P8BFiO0R33LxnS-Io8ZgKjBJELUFAdlk45ugMqtq1jUij7kcTOwKGdAkg_UiujYFfwtPnmSxpBdwxN0M02ECl2pFEOZoNdUwYxUpWnFgy2nf=s0-d-e1-ft#http:\/\/www.noticide.cide.edu\/imagenes\/barra_actividades.jpg\" width=\"400\" height=\"20\" \/><\/p>\n<table border=\"0\" cellspacing=\"0\" cellpadding=\"0\" bgcolor=\"#E7EEDF\">\n<tbody>\n<tr>\n<td bgcolor=\"#E7EEDF\" height=\"10\">&nbsp;<\/p>\n<p><strong>Eventos<\/strong><\/p>\n<p>Seminario-Taller\u00a0<a href=\"http:\/\/www.bmetrack.com\/c\/l?u=3921FFC&amp;e=4C2C8B&amp;c=2DD02&amp;t=0&amp;l=7D60E4E&amp;email=fIb%2BrGTH2GIWTPHa3lMbuw%3D%3D\" target=\"_blank\">\u201cFronteras de la Investigaci\u00f3n sobre Gobernanza del Agua en M\u00e9xico\u201d<\/a><br \/>\nObjetivo: Discutir el estado actual de la investigaci\u00f3n en materia de pol\u00edtica hidr\u00e1ulica y gobernanza del agua en M\u00e9xico con algunos de los investigadores m\u00e1s destacados especialistas en la materia en M\u00e9xico. El evento tiene como elemento central la presentaci\u00f3n de temas innovadores, tanto en aspectos metodol\u00f3gicos como en casos emp\u00edricos. El Seminario-Taller mantiene una visi\u00f3n cr\u00edtica de la gobernanza del agua en M\u00e9xico, con el objetivo de proponer opciones de pol\u00edtica p\u00fablica para resolver la problem\u00e1tica de la escasez del recurso h\u00eddrico en nuestro pa\u00eds.<br \/>\n<strong>2 julio\/8:45 hrs.<\/strong><br \/>\n<strong>Educaci\u00f3n continua<\/strong><\/p>\n<p>Diplomado en\u00a0<a href=\"http:\/\/www.bmetrack.com\/c\/l?u=3921FFD&amp;e=4C2C8B&amp;c=2DD02&amp;t=0&amp;l=7D60E4E&amp;email=fIb%2BrGTH2GIWTPHa3lMbuw%3D%3D\" target=\"_blank\">An\u00e1lisis Pol\u00edtico Estrat\u00e9gico<\/a><br \/>\nDel 5 de septiembre de 2014 al 17 de enero de 2015.<\/p>\n<p>Diplomado en\u00a0<a href=\"http:\/\/www.bmetrack.com\/c\/l?u=3921FFE&amp;e=4C2C8B&amp;c=2DD02&amp;t=0&amp;l=7D60E4E&amp;email=fIb%2BrGTH2GIWTPHa3lMbuw%3D%3D\" target=\"_blank\">Migraci\u00f3n y Gobernanza<\/a>\u00a0(IV Edici\u00f3n)<br \/>\nDel 5 de septiembre al 6 de diciembre de 2014.<\/p>\n<p>Diplomado de\u00a0<a href=\"http:\/\/www.bmetrack.com\/c\/l?u=3921FFF&amp;e=4C2C8B&amp;c=2DD02&amp;t=0&amp;l=7D60E4E&amp;email=fIb%2BrGTH2GIWTPHa3lMbuw%3D%3D\" target=\"_blank\">Pol\u00edticas P\u00fablicas y Evaluaci\u00f3n<\/a>\u00a0(III Edici\u00f3n)<br \/>\nDel 29 de agosto al 5 de diciembre de 2014.<\/p>\n<p>Diplomado\u00a0\u201c<a href=\"http:\/\/www.bmetrack.com\/c\/l?u=3922000&amp;e=4C2C8B&amp;c=2DD02&amp;t=0&amp;l=7D60E4E&amp;email=fIb%2BrGTH2GIWTPHa3lMbuw%3D%3D\" target=\"_blank\">Constituci\u00f3n, gobierno y reforma pol\u00edtica<\/a>. An\u00e1lisis y debate en torno a la Constituci\u00f3n de 1917\u201d<\/p>\n<p>Curso en l\u00ednea<br \/>\n<a href=\"http:\/\/www.bmetrack.com\/c\/l?u=3922001&amp;e=4C2C8B&amp;c=2DD02&amp;t=0&amp;l=7D60E4E&amp;email=fIb%2BrGTH2GIWTPHa3lMbuw%3D%3D\" target=\"_blank\">\u00abUn nuevo Juicio de Amparo. Aproximaci\u00f3n pr\u00e1ctica\u00bb<\/a><\/p>\n<p><strong>Convocatorias<\/strong><\/p>\n<p>* Coloquio\u00a0<a href=\"http:\/\/www.bmetrack.com\/c\/l?u=3922002&amp;e=4C2C8B&amp;c=2DD02&amp;t=0&amp;l=7D60E4E&amp;email=fIb%2BrGTH2GIWTPHa3lMbuw%3D%3D\" target=\"_blank\">\u00abDiversidades del Mundo \u00c1rabe\u00bb<\/a>. Inscripciones abiertas para env\u00edo de participaciones<\/p>\n<p><strong>Sitios de inter\u00e9s\u00a0<\/strong><br \/>\n<strong><br \/>\nBoletines<br \/>\n<\/strong><a href=\"http:\/\/www.bmetrack.com\/c\/l?u=3922003&amp;e=4C2C8B&amp;c=2DD02&amp;t=0&amp;l=7D60E4E&amp;email=fIb%2BrGTH2GIWTPHa3lMbuw%3D%3D\" target=\"_blank\">\u00abInvestigaci\u00f3n CIDE\u00bb<\/a><a href=\"http:\/\/www.bmetrack.com\/c\/l?u=3922004&amp;e=4C2C8B&amp;c=2DD02&amp;t=0&amp;l=7D60E4E&amp;email=fIb%2BrGTH2GIWTPHa3lMbuw%3D%3D\" target=\"_blank\"><br \/>\n\u00abProfesores del CIDE en los medios\u00bb<br \/>\n<\/a><strong>Canal CIDE Youtube<br \/>\n<\/strong><a href=\"http:\/\/www.bmetrack.com\/c\/l?u=3922005&amp;e=4C2C8B&amp;c=2DD02&amp;t=0&amp;l=7D60E4E&amp;email=fIb%2BrGTH2GIWTPHa3lMbuw%3D%3D\" target=\"_blank\">http:\/\/www.youtube.com\/user\/<wbr \/>cidedsc<br \/>\n<\/a><strong>El CIDE en im\u00e1genes<br \/>\n<\/strong><a href=\"http:\/\/www.bmetrack.com\/c\/l?u=3922006&amp;e=4C2C8B&amp;c=2DD02&amp;t=0&amp;l=7D60E4E&amp;email=fIb%2BrGTH2GIWTPHa3lMbuw%3D%3D\" target=\"_blank\">http:\/\/www.flickr.com\/photos\/<wbr \/>noticide<br \/>\n<\/a><\/td>\n<\/tr>\n<\/tbody>\n<\/table>\n<\/td>\n<\/tr>\n<\/tbody>\n<\/table>\n","protected":false},"excerpt":{"rendered":"<p>&nbsp; &nbsp; Eventos Seminario-Taller\u00a0\u201cFronteras de la Investigaci\u00f3n sobre Gobernanza del Agua en M\u00e9xico\u201d Objetivo: Discutir el estado actual de la investigaci\u00f3n en materia de pol\u00edtica hidr\u00e1ulica y gobernanza del agua en M\u00e9xico con algunos de los investigadores m\u00e1s destacados especialistas en la materia en M\u00e9xico. El evento tiene como elemento central la presentaci\u00f3n de temas [&hellip;]<\/p>\n","protected":false},"author":10,"featured_media":0,"comment_status":"open","ping_status":"open","sticky":false,"template":"","format":"standard","meta":{"_acf_changed":false,"footnotes":""},"categories":[1,24],"tags":[],"class_list":["post-14511","post","type-post","status-publish","format-standard","hentry","category-avisosyconvocatorias","category-boletines-de-difusion"],"acf":[],"_links":{"self":[{"href":"https:\/\/www.colef.mx\/elmuro\/wp-json\/wp\/v2\/posts\/14511"}],"collection":[{"href":"https:\/\/www.colef.mx\/elmuro\/wp-json\/wp\/v2\/posts"}],"about":[{"href":"https:\/\/www.colef.mx\/elmuro\/wp-json\/wp\/v2\/types\/post"}],"author":[{"embeddable":true,"href":"https:\/\/www.colef.mx\/elmuro\/wp-json\/wp\/v2\/users\/10"}],"replies":[{"embeddable":true,"href":"https:\/\/www.colef.mx\/elmuro\/wp-json\/wp\/v2\/comments?post=14511"}],"version-history":[{"count":0,"href":"https:\/\/www.colef.mx\/elmuro\/wp-json\/wp\/v2\/posts\/14511\/revisions"}],"wp:attachment":[{"href":"https:\/\/www.colef.mx\/elmuro\/wp-json\/wp\/v2\/media?parent=14511"}],"wp:term":[{"taxonomy":"category","embeddable":true,"href":"https:\/\/www.colef.mx\/elmuro\/wp-json\/wp\/v2\/categories?post=14511"},{"taxonomy":"post_tag","embeddable":true,"href":"https:\/\/www.colef.mx\/elmuro\/wp-json\/wp\/v2\/tags?post=14511"}],"curies":[{"name":"wp","href":"https:\/\/api.w.org\/{rel}","templated":true}]}}