{"id":14366,"date":"2014-06-17T14:10:14","date_gmt":"2014-06-17T21:10:14","guid":{"rendered":"http:\/\/www.colef.mx\/elmuro\/?p=14366"},"modified":"2014-06-17T14:10:14","modified_gmt":"2014-06-17T21:10:14","slug":"foto-talentos-2014","status":"publish","type":"post","link":"https:\/\/www.colef.mx\/elmuro\/foto-talentos-2014\/","title":{"rendered":"FOTO TALENTOS 2014"},"content":{"rendered":"<p><a href=\"http:\/\/www.colef.mx\/elmuro\/..\/media_elmuro\/2014\/06\/222.jpg\"><img loading=\"lazy\" decoding=\"async\" class=\"alignnone size-full wp-image-14367\" alt=\"222\" src=\"http:\/\/www.colef.mx\/elmuro\/..\/media_elmuro\/2014\/06\/222.jpg\" width=\"403\" height=\"403\" \/><\/a><\/p>\n<p>&nbsp;<\/p>\n<p><b>Banco Santander<\/b>, a trav\u00e9s de su Divisi\u00f3n Global Santander Universidades, y<b>Universia<\/b>, en el marco del III Encuentro Internacional de Rectores Universia, convocan\u00a0<b>Fototalentos 2014<\/b>, concurso que busca fomentar, reconocer, difundir y premiar la creatividad en el arte de la fotograf\u00eda.<\/p>\n<p>Este certamen est\u00e1 dirigido a todos los miembros de la comunidad universitaria, desde estudiantes, docentes e investigadores hasta personal administrativo queresidan en cualquier parte del mundo.<\/p>\n<p>Las im\u00e1genes pueden tratar sobre los temas m\u00e1s variados, deben ser in\u00e9ditas y originales, e identificar, para el concursante, la vida universitaria. Cada concursante podr\u00e1\u00a0cuantas\u00a0fotograf\u00edas\u00a0desee, siempre que cumplan las bases del concurso (<a href=\"http:\/\/www.fototalentos.com\/popup\/ES\/bases.jsp\" target=\"_blank\">http:\/\/www.fototalentos.com\/<wbr \/>popup\/ES\/bases.jsp<\/a>)<\/p>\n<p>Los interesados en participar han de ser usuarios de Universia y registrarse en<a href=\"http:\/\/www.fototalentos.com\/\" target=\"_blank\">www.fototalentos.com<\/a>; tendr\u00e1n\u00a0<b>hasta el 7 de julio de 2014 para enviar sus fotograf\u00edas<\/b>.\u00a0El p\u00fablico internauta\u00a0puede\u00a0votar por todas las im\u00e1genes\u00a0en la p\u00e1gina web del concurso hasta el 10 de julio de 2014.<\/p>\n<p>Las 25 fotograf\u00edas m\u00e1s votadas\u00a0se considerar\u00e1n finalistas, y un comit\u00e9 de expertos decidir\u00e1 cu\u00e1l de ellas ser\u00e1 la obra ganadora, as\u00ed como\u00a0los \u00e1ccesit. Los resultados se publicar\u00e1n\u00a0el 18 de julio de 2014.<\/p>\n<p>Las fotograf\u00edas\u00a0presentadas estar\u00e1n visibles en la web del concurso,\u00a0y se mostrar\u00e1ntambi\u00e9n en el \u00e1mbito del\u00a0<b>III Encuentro<\/b><b>\u00a0Internacional de Rectores Universia 2014<\/b>(<a href=\"http:\/\/www.universiario2014.com\/\" target=\"_blank\">http:\/\/www.universiario2014.<wbr \/>com\/<\/a>) que, bajo el lema\u00a0<i>\u201cLa universidad del siglo XXI: una reflexi\u00f3n desde Iberoam\u00e9rica\u201d<\/i>, reunir\u00e1 en R\u00edo de Janeiro a m\u00e1s de 1.100 rectores de 46 pa\u00edses en el mes de julio.<\/p>\n<p>Para mayor informaci\u00f3n, visita:\u00a0<a href=\"http:\/\/www.fototalentos.com\/\" target=\"_blank\">www.fototalentos.com<\/a><\/p>\n<p>&nbsp;<\/p>\n","protected":false},"excerpt":{"rendered":"<p>&nbsp; Banco Santander, a trav\u00e9s de su Divisi\u00f3n Global Santander Universidades, yUniversia, en el marco del III Encuentro Internacional de Rectores Universia, convocan\u00a0Fototalentos 2014, concurso que busca fomentar, reconocer, difundir y premiar la creatividad en el arte de la fotograf\u00eda. Este certamen est\u00e1 dirigido a todos los miembros de la comunidad universitaria, desde estudiantes, docentes [&hellip;]<\/p>\n","protected":false},"author":10,"featured_media":0,"comment_status":"open","ping_status":"open","sticky":false,"template":"","format":"standard","meta":{"_acf_changed":false,"footnotes":""},"categories":[24,64],"tags":[],"class_list":["post-14366","post","type-post","status-publish","format-standard","hentry","category-boletines-de-difusion","category-convocatorias-nacionales"],"acf":[],"_links":{"self":[{"href":"https:\/\/www.colef.mx\/elmuro\/wp-json\/wp\/v2\/posts\/14366"}],"collection":[{"href":"https:\/\/www.colef.mx\/elmuro\/wp-json\/wp\/v2\/posts"}],"about":[{"href":"https:\/\/www.colef.mx\/elmuro\/wp-json\/wp\/v2\/types\/post"}],"author":[{"embeddable":true,"href":"https:\/\/www.colef.mx\/elmuro\/wp-json\/wp\/v2\/users\/10"}],"replies":[{"embeddable":true,"href":"https:\/\/www.colef.mx\/elmuro\/wp-json\/wp\/v2\/comments?post=14366"}],"version-history":[{"count":0,"href":"https:\/\/www.colef.mx\/elmuro\/wp-json\/wp\/v2\/posts\/14366\/revisions"}],"wp:attachment":[{"href":"https:\/\/www.colef.mx\/elmuro\/wp-json\/wp\/v2\/media?parent=14366"}],"wp:term":[{"taxonomy":"category","embeddable":true,"href":"https:\/\/www.colef.mx\/elmuro\/wp-json\/wp\/v2\/categories?post=14366"},{"taxonomy":"post_tag","embeddable":true,"href":"https:\/\/www.colef.mx\/elmuro\/wp-json\/wp\/v2\/tags?post=14366"}],"curies":[{"name":"wp","href":"https:\/\/api.w.org\/{rel}","templated":true}]}}