{"id":14337,"date":"2014-06-17T13:28:39","date_gmt":"2014-06-17T20:28:39","guid":{"rendered":"http:\/\/www.colef.mx\/elmuro\/?p=14337"},"modified":"2014-06-17T13:28:39","modified_gmt":"2014-06-17T20:28:39","slug":"noticide-77","status":"publish","type":"post","link":"https:\/\/www.colef.mx\/elmuro\/noticide-77\/","title":{"rendered":"notiCIDE"},"content":{"rendered":"<p><a href=\"http:\/\/www.colef.mx\/elmuro\/..\/media_elmuro\/2014\/03\/unnamed2.jpg\"><img loading=\"lazy\" decoding=\"async\" class=\"alignnone  wp-image-13234\" alt=\"unnamed\" src=\"http:\/\/www.colef.mx\/elmuro\/..\/media_elmuro\/2014\/03\/unnamed2.jpg\" width=\"480\" height=\"174\" \/><\/a><\/p>\n<p>&nbsp;<\/p>\n<table border=\"0\" cellspacing=\"0\" cellpadding=\"0\" bgcolor=\"#E7EEDF\">\n<tbody>\n<tr>\n<td bgcolor=\"#E7EEDF\" width=\"20\"><\/td>\n<td valign=\"top\" bgcolor=\"#E7EEDF\" width=\"400\"><img loading=\"lazy\" decoding=\"async\" alt=\"Actividades\" src=\"https:\/\/ci4.googleusercontent.com\/proxy\/P8BFiO0R33LxnS-Io8ZgKjBJELUFAdlk45ugMqtq1jUij7kcTOwKGdAkg_UiujYFfwtPnmSxpBdwxN0M02ECl2pFEOZoNdUwYxUpWnFgy2nf=s0-d-e1-ft#http:\/\/www.noticide.cide.edu\/imagenes\/barra_actividades.jpg\" width=\"400\" height=\"20\" \/><\/p>\n<table border=\"0\" cellspacing=\"0\" cellpadding=\"0\" bgcolor=\"#E7EEDF\">\n<tbody>\n<tr>\n<td bgcolor=\"#E7EEDF\" height=\"10\">&nbsp;<\/p>\n<p><strong>Eventos<\/strong><\/p>\n<p>DG.O 2014<br \/>\n<a href=\"http:\/\/www.bmetrack.com\/c\/l?u=388F45C&amp;e=4B4935&amp;c=2DD02&amp;t=0&amp;l=7D60E4E&amp;email=fIb%2BrGTH2GIWTPHa3lMbuw%3D%3D\" target=\"_blank\">\u201c15th Annual International Conference on Digital Government Research\u201d<\/a><br \/>\n18-21 junio\/CIDE Regi\u00f3n Centro<\/p>\n<p>Conferencia<br \/>\n<a href=\"http:\/\/www.bmetrack.com\/c\/l?u=388F45D&amp;e=4B4935&amp;c=2DD02&amp;t=0&amp;l=7D60E4E&amp;email=fIb%2BrGTH2GIWTPHa3lMbuw%3D%3D\" target=\"_blank\">\u201cSurgimiento y desarrollo de la historiograf\u00eda chilena en el siglo XIX\u201d<\/a><br \/>\n19 junio\/13:00 hrs.<\/p>\n<p>Seminario-Taller<br \/>\n<a href=\"http:\/\/www.bmetrack.com\/c\/l?u=388F45E&amp;e=4B4935&amp;c=2DD02&amp;t=0&amp;l=7D60E4E&amp;email=fIb%2BrGTH2GIWTPHa3lMbuw%3D%3D\" target=\"_blank\">\u201cFronteras de la Investigaci\u00f3n sobre Gobernanza del Agua en M\u00e9xico\u201d<\/a><br \/>\n2 julio\/8:45 hrs.<\/p>\n<p><strong>Educaci\u00f3n continua<\/strong><\/p>\n<p><a href=\"http:\/\/www.bmetrack.com\/c\/l?u=388F385&amp;e=4B4935&amp;c=2DD02&amp;t=0&amp;l=7D60E4E&amp;email=fIb%2BrGTH2GIWTPHa3lMbuw%3D%3D\" target=\"_blank\">Diplomado \u00abConstituci\u00f3n, gobierno y reforma pol\u00edtica. An\u00e1lisis y debate en torno a la Constituci\u00f3n de 1917\u201d<\/a><br \/>\nApertura: Agosto\/ 2014)<\/p>\n<p>Curso en l\u00ednea<br \/>\n<a href=\"http:\/\/www.bmetrack.com\/c\/l?u=388F386&amp;e=4B4935&amp;c=2DD02&amp;t=0&amp;l=7D60E4E&amp;email=fIb%2BrGTH2GIWTPHa3lMbuw%3D%3D\" target=\"_blank\">\u00abUn nuevo Juicio de Amparo. Aproximaci\u00f3n pr\u00e1ctica\u00bb<\/a><\/p>\n<p><strong>Convocatorias<\/strong><\/p>\n<p>* Coloquio\u00a0<a href=\"http:\/\/www.bmetrack.com\/c\/l?u=388F387&amp;e=4B4935&amp;c=2DD02&amp;t=0&amp;l=7D60E4E&amp;email=fIb%2BrGTH2GIWTPHa3lMbuw%3D%3D\" target=\"_blank\">\u00abDiversidades del Mundo \u00c1rabe\u00bb<\/a>. Inscripciones abiertas para env\u00edo de participaciones<\/p>\n<p><strong>Sitios de inter\u00e9s\u00a0<\/strong><br \/>\n<strong><br \/>\nBoletines<br \/>\n<\/strong><a href=\"http:\/\/www.bmetrack.com\/c\/l?u=388F388&amp;e=4B4935&amp;c=2DD02&amp;t=0&amp;l=7D60E4E&amp;email=fIb%2BrGTH2GIWTPHa3lMbuw%3D%3D\" target=\"_blank\">\u00abInvestigaci\u00f3n CIDE\u00bb<\/a><a href=\"http:\/\/www.bmetrack.com\/c\/l?u=388F389&amp;e=4B4935&amp;c=2DD02&amp;t=0&amp;l=7D60E4E&amp;email=fIb%2BrGTH2GIWTPHa3lMbuw%3D%3D\" target=\"_blank\"><br \/>\n\u00abProfesores del CIDE en los medios\u00bb<br \/>\n<\/a><strong>Canal CIDE Youtube<br \/>\n<\/strong><a href=\"http:\/\/www.bmetrack.com\/c\/l?u=388F38A&amp;e=4B4935&amp;c=2DD02&amp;t=0&amp;l=7D60E4E&amp;email=fIb%2BrGTH2GIWTPHa3lMbuw%3D%3D\" target=\"_blank\">http:\/\/www.youtube.com\/user\/<wbr \/>cidedsc<br \/>\n<\/a><strong>El CIDE en im\u00e1genes<br \/>\n<\/strong><a href=\"http:\/\/www.bmetrack.com\/c\/l?u=388F38B&amp;e=4B4935&amp;c=2DD02&amp;t=0&amp;l=7D60E4E&amp;email=fIb%2BrGTH2GIWTPHa3lMbuw%3D%3D\" target=\"_blank\">http:\/\/www.flickr.com\/photos\/<wbr \/>noticide<br \/>\n<\/a><\/td>\n<\/tr>\n<\/tbody>\n<\/table>\n<\/td>\n<\/tr>\n<\/tbody>\n<\/table>\n","protected":false},"excerpt":{"rendered":"<p>&nbsp; &nbsp; Eventos DG.O 2014 \u201c15th Annual International Conference on Digital Government Research\u201d 18-21 junio\/CIDE Regi\u00f3n Centro Conferencia \u201cSurgimiento y desarrollo de la historiograf\u00eda chilena en el siglo XIX\u201d 19 junio\/13:00 hrs. Seminario-Taller \u201cFronteras de la Investigaci\u00f3n sobre Gobernanza del Agua en M\u00e9xico\u201d 2 julio\/8:45 hrs. Educaci\u00f3n continua Diplomado \u00abConstituci\u00f3n, gobierno y reforma pol\u00edtica. An\u00e1lisis [&hellip;]<\/p>\n","protected":false},"author":10,"featured_media":0,"comment_status":"open","ping_status":"open","sticky":false,"template":"","format":"standard","meta":{"_acf_changed":false,"footnotes":""},"categories":[24],"tags":[],"class_list":["post-14337","post","type-post","status-publish","format-standard","hentry","category-boletines-de-difusion"],"acf":[],"_links":{"self":[{"href":"https:\/\/www.colef.mx\/elmuro\/wp-json\/wp\/v2\/posts\/14337"}],"collection":[{"href":"https:\/\/www.colef.mx\/elmuro\/wp-json\/wp\/v2\/posts"}],"about":[{"href":"https:\/\/www.colef.mx\/elmuro\/wp-json\/wp\/v2\/types\/post"}],"author":[{"embeddable":true,"href":"https:\/\/www.colef.mx\/elmuro\/wp-json\/wp\/v2\/users\/10"}],"replies":[{"embeddable":true,"href":"https:\/\/www.colef.mx\/elmuro\/wp-json\/wp\/v2\/comments?post=14337"}],"version-history":[{"count":0,"href":"https:\/\/www.colef.mx\/elmuro\/wp-json\/wp\/v2\/posts\/14337\/revisions"}],"wp:attachment":[{"href":"https:\/\/www.colef.mx\/elmuro\/wp-json\/wp\/v2\/media?parent=14337"}],"wp:term":[{"taxonomy":"category","embeddable":true,"href":"https:\/\/www.colef.mx\/elmuro\/wp-json\/wp\/v2\/categories?post=14337"},{"taxonomy":"post_tag","embeddable":true,"href":"https:\/\/www.colef.mx\/elmuro\/wp-json\/wp\/v2\/tags?post=14337"}],"curies":[{"name":"wp","href":"https:\/\/api.w.org\/{rel}","templated":true}]}}