{"id":13895,"date":"2014-05-13T11:56:06","date_gmt":"2014-05-13T18:56:06","guid":{"rendered":"http:\/\/www.colef.mx\/elmuro\/?p=13895"},"modified":"2014-05-13T12:21:44","modified_gmt":"2014-05-13T19:21:44","slug":"noticide-72","status":"publish","type":"post","link":"https:\/\/www.colef.mx\/elmuro\/noticide-72\/","title":{"rendered":"notiCIDE"},"content":{"rendered":"<p><a href=\"http:\/\/www.colef.mx\/elmuro\/..\/media_elmuro\/2014\/03\/unnamed2.jpg\"><img loading=\"lazy\" decoding=\"async\" class=\"alignnone  wp-image-13234\" alt=\"unnamed\" src=\"http:\/\/www.colef.mx\/elmuro\/..\/media_elmuro\/2014\/03\/unnamed2.jpg\" width=\"480\" height=\"174\" \/><\/a><\/p>\n<table border=\"0\" cellspacing=\"0\" cellpadding=\"0\" bgcolor=\"#E7EEDF\">\n<tbody>\n<tr>\n<td bgcolor=\"#E7EEDF\" width=\"20\"><\/td>\n<td valign=\"top\" bgcolor=\"#E7EEDF\" width=\"400\"><img loading=\"lazy\" decoding=\"async\" alt=\"Actividades\" src=\"https:\/\/ci4.googleusercontent.com\/proxy\/P8BFiO0R33LxnS-Io8ZgKjBJELUFAdlk45ugMqtq1jUij7kcTOwKGdAkg_UiujYFfwtPnmSxpBdwxN0M02ECl2pFEOZoNdUwYxUpWnFgy2nf=s0-d-e1-ft#http:\/\/www.noticide.cide.edu\/imagenes\/barra_actividades.jpg\" width=\"400\" height=\"20\" \/><\/p>\n<table border=\"0\" cellspacing=\"0\" cellpadding=\"0\" bgcolor=\"#E7EEDF\">\n<tbody>\n<tr>\n<td bgcolor=\"#E7EEDF\" height=\"10\"><strong>Eventos<\/strong><\/p>\n<p>Workshop<br \/>\n<a href=\"http:\/\/www.bmetrack.com\/c\/l?u=36DA59C&amp;e=487CA5&amp;c=2DD02&amp;t=0&amp;l=7D60E4E&amp;email=fIb%2BrGTH2GIWTPHa3lMbuw%3D%3D\" target=\"_blank\">\u201cProductividad Regional, Grupo de productividad Regional (GPR)\u201d<\/a><br \/>\n12-19 mayo\/11:00 hrs.<br \/>\nSala Videoconferencia de la Divisi\u00f3n de Econom\u00eda<\/p>\n<p>Seminario de \u00c9tica, Derecho y Pol\u00edtica P\u00fablica<br \/>\n<a href=\"http:\/\/www.bmetrack.com\/c\/l?u=36DA59D&amp;e=487CA5&amp;c=2DD02&amp;t=0&amp;l=7D60E4E&amp;email=fIb%2BrGTH2GIWTPHa3lMbuw%3D%3D\" target=\"_blank\">\u201cLa Legitimidad de las Autodefensas\u201d<\/a><br \/>\n13 mayo\/10:30 hrs.<\/p>\n<p>Conferencia Magistral<br \/>\n<a href=\"http:\/\/www.bmetrack.com\/c\/l?u=36DA59E&amp;e=487CA5&amp;c=2DD02&amp;t=0&amp;l=7D60E4E&amp;email=fIb%2BrGTH2GIWTPHa3lMbuw%3D%3D\" target=\"_blank\">\u00abEl creciente papel de Am\u00e9rica Latina en el mundo\u00bb<\/a><br \/>\n14 mayo\/15:30 hrs.<\/p>\n<p>Conferencia Magistral<br \/>\n<a href=\"http:\/\/www.bmetrack.com\/c\/l?u=36DA59F&amp;e=487CA5&amp;c=2DD02&amp;t=0&amp;l=7D60E4E&amp;email=fIb%2BrGTH2GIWTPHa3lMbuw%3D%3D\" target=\"_blank\">\u201cLa frontera M\u00e9xico-Estados Unidos en el Imaginario Cinematogr\u00e1fico<\/a>Contempor\u00e1neo\u201d<br \/>\n15 mayo\/11:00 hrs.<\/p>\n<p><strong>Educaci\u00f3n continua<\/strong><\/p>\n<p><a href=\"http:\/\/www.bmetrack.com\/c\/l?u=36D9DA2&amp;e=487CA5&amp;c=2DD02&amp;t=0&amp;l=7D60E4E&amp;email=fIb%2BrGTH2GIWTPHa3lMbuw%3D%3D\" target=\"_blank\">Diplomado \u00abConstituci\u00f3n, gobierno y reforma pol\u00edtica. An\u00e1lisis y debate en torno a la Constituci\u00f3n de 1917\u201d<\/a><br \/>\nApertura: Agosto\/ 2014)<\/p>\n<p>Curso en l\u00ednea<br \/>\n<a href=\"http:\/\/www.bmetrack.com\/c\/l?u=36D9DA3&amp;e=487CA5&amp;c=2DD02&amp;t=0&amp;l=7D60E4E&amp;email=fIb%2BrGTH2GIWTPHa3lMbuw%3D%3D\" target=\"_blank\">\u00abUn nuevo Juicio de Amparo. Aproximaci\u00f3n pr\u00e1ctica\u00bb<\/a><\/p>\n<p><strong>Convocatorias<\/strong><\/p>\n<p>* Coloquio\u00a0<a href=\"http:\/\/www.bmetrack.com\/c\/l?u=36D9DA4&amp;e=487CA5&amp;c=2DD02&amp;t=0&amp;l=7D60E4E&amp;email=fIb%2BrGTH2GIWTPHa3lMbuw%3D%3D\" target=\"_blank\">\u00abDiversidades del Mundo \u00c1rabe\u00bb<\/a>. Inscripciones abiertas para env\u00edo de participaciones<br \/>\n* La Divisi\u00f3n de Estudios Jur\u00eddicos del CIDE convoca al concurso por la plaza de profesor investigador de tiempo completo para iniciar labores a partir del 15 de agosto 2014.<br \/>\nFecha l\u00edmite: 31\/mayo\/2014.<br \/>\n* La Divisi\u00f3n de Estudios Internacionales convoca al concurso por una plaza de profesor visitante de agosto 2014 a agosto 2015.<br \/>\nFecha l\u00edmite: 30\/mayo\/2014<br \/>\nVer convocatorias:\u00a0<a href=\"http:\/\/www.bmetrack.com\/c\/l?u=36D9DA5&amp;e=487CA5&amp;c=2DD02&amp;t=0&amp;l=7D60E4E&amp;email=fIb%2BrGTH2GIWTPHa3lMbuw%3D%3D\" target=\"_blank\">Aqu\u00ed<\/a><\/p>\n<p><strong>Sitios de inter\u00e9s\u00a0<\/strong><br \/>\n<strong><br \/>\nBoletines<br \/>\n<\/strong><a href=\"http:\/\/www.bmetrack.com\/c\/l?u=36DA59A&amp;e=487CA5&amp;c=2DD02&amp;t=0&amp;l=7D60E4E&amp;email=fIb%2BrGTH2GIWTPHa3lMbuw%3D%3D\" target=\"_blank\">\u00abInvestigaci\u00f3n CIDE\u00bb<\/a><a href=\"http:\/\/www.bmetrack.com\/c\/l?u=36D9DA6&amp;e=487CA5&amp;c=2DD02&amp;t=0&amp;l=7D60E4E&amp;email=fIb%2BrGTH2GIWTPHa3lMbuw%3D%3D\" target=\"_blank\"><br \/>\n\u00abProfesores del CIDE en los medios\u00bb<br \/>\n<\/a><strong>Canal CIDE Youtube<br \/>\n<\/strong><a href=\"http:\/\/www.bmetrack.com\/c\/l?u=36D9DA7&amp;e=487CA5&amp;c=2DD02&amp;t=0&amp;l=7D60E4E&amp;email=fIb%2BrGTH2GIWTPHa3lMbuw%3D%3D\" target=\"_blank\">http:\/\/www.youtube.com\/user\/<wbr \/>cidedsc<br \/>\n<\/a><strong>El CIDE en im\u00e1genes<br \/>\n<\/strong><a href=\"http:\/\/www.bmetrack.com\/c\/l?u=36D9DA8&amp;e=487CA5&amp;c=2DD02&amp;t=0&amp;l=7D60E4E&amp;email=fIb%2BrGTH2GIWTPHa3lMbuw%3D%3D\" target=\"_blank\">http:\/\/www.flickr.com\/photos\/<wbr \/>noticide<br \/>\n<\/a><\/td>\n<\/tr>\n<\/tbody>\n<\/table>\n<\/td>\n<\/tr>\n<\/tbody>\n<\/table>\n","protected":false},"excerpt":{"rendered":"<p>Eventos Workshop \u201cProductividad Regional, Grupo de productividad Regional (GPR)\u201d 12-19 mayo\/11:00 hrs. Sala Videoconferencia de la Divisi\u00f3n de Econom\u00eda Seminario de \u00c9tica, Derecho y Pol\u00edtica P\u00fablica \u201cLa Legitimidad de las Autodefensas\u201d 13 mayo\/10:30 hrs. Conferencia Magistral \u00abEl creciente papel de Am\u00e9rica Latina en el mundo\u00bb 14 mayo\/15:30 hrs. Conferencia Magistral \u201cLa frontera M\u00e9xico-Estados Unidos en [&hellip;]<\/p>\n","protected":false},"author":10,"featured_media":0,"comment_status":"open","ping_status":"open","sticky":false,"template":"","format":"standard","meta":{"_acf_changed":false,"footnotes":""},"categories":[1,24],"tags":[],"class_list":["post-13895","post","type-post","status-publish","format-standard","hentry","category-avisosyconvocatorias","category-boletines-de-difusion"],"acf":[],"_links":{"self":[{"href":"https:\/\/www.colef.mx\/elmuro\/wp-json\/wp\/v2\/posts\/13895"}],"collection":[{"href":"https:\/\/www.colef.mx\/elmuro\/wp-json\/wp\/v2\/posts"}],"about":[{"href":"https:\/\/www.colef.mx\/elmuro\/wp-json\/wp\/v2\/types\/post"}],"author":[{"embeddable":true,"href":"https:\/\/www.colef.mx\/elmuro\/wp-json\/wp\/v2\/users\/10"}],"replies":[{"embeddable":true,"href":"https:\/\/www.colef.mx\/elmuro\/wp-json\/wp\/v2\/comments?post=13895"}],"version-history":[{"count":0,"href":"https:\/\/www.colef.mx\/elmuro\/wp-json\/wp\/v2\/posts\/13895\/revisions"}],"wp:attachment":[{"href":"https:\/\/www.colef.mx\/elmuro\/wp-json\/wp\/v2\/media?parent=13895"}],"wp:term":[{"taxonomy":"category","embeddable":true,"href":"https:\/\/www.colef.mx\/elmuro\/wp-json\/wp\/v2\/categories?post=13895"},{"taxonomy":"post_tag","embeddable":true,"href":"https:\/\/www.colef.mx\/elmuro\/wp-json\/wp\/v2\/tags?post=13895"}],"curies":[{"name":"wp","href":"https:\/\/api.w.org\/{rel}","templated":true}]}}