{"id":13841,"date":"2014-05-06T12:52:59","date_gmt":"2014-05-06T19:52:59","guid":{"rendered":"http:\/\/www.colef.mx\/elmuro\/?p=13841"},"modified":"2014-05-06T12:52:59","modified_gmt":"2014-05-06T19:52:59","slug":"el-colegio-de-sinaloa-informativo-marzo-abril","status":"publish","type":"post","link":"https:\/\/www.colef.mx\/elmuro\/el-colegio-de-sinaloa-informativo-marzo-abril\/","title":{"rendered":"El Colegio de Sinaloa| Informativo marzo-abril"},"content":{"rendered":"<p><span style=\"color: #000000;\">\u00a0El Colegio de Sinaloa \u00a0presenta su bolet\u00edn informativo correspondiente a marzo-abril.<\/span><\/p>\n<p><span style=\"color: #000000;\">Se destacan las <\/span><span style=\"color: #000000;\">\u00a0p\u00e1ginas 2 a la 9, mismas que condensan las actividades del Foro Mazatl\u00e1n 2014, \u201cCruzando Fronteras: La Tecnolog\u00eda y el futuro de la Educaci\u00f3n: Perspectivas desde M\u00e9xico y Estados Unidos.\u201d<\/span><\/p>\n<p><span style=\"color: #000000;\">\u00a0<\/span><span style=\"color: #000000;\">As\u00ed como tambi\u00e9n las participaciones de Rub\u00e9n Rocha Moya, Jos\u00e9 \u00c1ngel Pescador, Martha Tamayo, Jorge Medina Viedas, Jaime Labastida, Yolox\u00f3chilt Bustamante, Annie Pardo, Diego Valad\u00e9s, Jaime Martuscelli, Patricia Galeana, Enrique Patr\u00f3n de Rueda, entre otros acad\u00e9micos.<\/span><\/p>\n<p><span style=\"color: #000000;\">Visiten nuestra p\u00e1gina web:\u00a0<a href=\"http:\/\/www.elcolegiodesinaloa.gob.mx\/\" target=\"_blank\">www.elcolegiodesinaloa.gob.mx<\/a><\/span><\/p>\n<p>Descarga el bolet\u00edn aqu\u00ed\u00a0<a href=\"http:\/\/www.colef.mx\/elmuro\/..\/media_elmuro\/2014\/05\/Promo-Hidr\u00f3geno-y-Celdas-de-Combustible.pdf\">Promo Hidr\u00f3geno y Celdas de Combustible<\/a><\/p>\n","protected":false},"excerpt":{"rendered":"<p>\u00a0El Colegio de Sinaloa \u00a0presenta su bolet\u00edn informativo correspondiente a marzo-abril. Se destacan las \u00a0p\u00e1ginas 2 a la 9, mismas que condensan las actividades del Foro Mazatl\u00e1n 2014, \u201cCruzando Fronteras: La Tecnolog\u00eda y el futuro de la Educaci\u00f3n: Perspectivas desde M\u00e9xico y Estados Unidos.\u201d \u00a0As\u00ed como tambi\u00e9n las participaciones de Rub\u00e9n Rocha Moya, Jos\u00e9 \u00c1ngel [&hellip;]<\/p>\n","protected":false},"author":10,"featured_media":0,"comment_status":"open","ping_status":"open","sticky":false,"template":"","format":"standard","meta":{"_acf_changed":false,"footnotes":""},"categories":[1,24],"tags":[],"class_list":["post-13841","post","type-post","status-publish","format-standard","hentry","category-avisosyconvocatorias","category-boletines-de-difusion"],"acf":[],"_links":{"self":[{"href":"https:\/\/www.colef.mx\/elmuro\/wp-json\/wp\/v2\/posts\/13841"}],"collection":[{"href":"https:\/\/www.colef.mx\/elmuro\/wp-json\/wp\/v2\/posts"}],"about":[{"href":"https:\/\/www.colef.mx\/elmuro\/wp-json\/wp\/v2\/types\/post"}],"author":[{"embeddable":true,"href":"https:\/\/www.colef.mx\/elmuro\/wp-json\/wp\/v2\/users\/10"}],"replies":[{"embeddable":true,"href":"https:\/\/www.colef.mx\/elmuro\/wp-json\/wp\/v2\/comments?post=13841"}],"version-history":[{"count":0,"href":"https:\/\/www.colef.mx\/elmuro\/wp-json\/wp\/v2\/posts\/13841\/revisions"}],"wp:attachment":[{"href":"https:\/\/www.colef.mx\/elmuro\/wp-json\/wp\/v2\/media?parent=13841"}],"wp:term":[{"taxonomy":"category","embeddable":true,"href":"https:\/\/www.colef.mx\/elmuro\/wp-json\/wp\/v2\/categories?post=13841"},{"taxonomy":"post_tag","embeddable":true,"href":"https:\/\/www.colef.mx\/elmuro\/wp-json\/wp\/v2\/tags?post=13841"}],"curies":[{"name":"wp","href":"https:\/\/api.w.org\/{rel}","templated":true}]}}