{"id":13833,"date":"2014-05-06T12:26:31","date_gmt":"2014-05-06T19:26:31","guid":{"rendered":"http:\/\/www.colef.mx\/elmuro\/?p=13833"},"modified":"2014-05-06T12:26:31","modified_gmt":"2014-05-06T19:26:31","slug":"convocatoria-1er-congreso-internacional-de-la-red-acciones-locales-en-materia-migratoria","status":"publish","type":"post","link":"https:\/\/www.colef.mx\/elmuro\/convocatoria-1er-congreso-internacional-de-la-red-acciones-locales-en-materia-migratoria\/","title":{"rendered":"CONVOCATORIA| 1er Congreso Internacional de la RED Acciones locales en materia migratoria."},"content":{"rendered":"<p><a href=\"http:\/\/www.colef.mx\/elmuro\/..\/media_elmuro\/2014\/05\/Cartel-CONGRESORedMigrAccionesLocales2014.jpg\"><img loading=\"lazy\" decoding=\"async\" class=\"size-full wp-image-13835 aligncenter\" alt=\"Imprimir\" src=\"http:\/\/www.colef.mx\/elmuro\/..\/media_elmuro\/2014\/05\/Cartel-CONGRESORedMigrAccionesLocales2014.jpg\" width=\"414\" height=\"640\" \/><\/a><\/p>\n<p>Los cuerpos acad\u00e9micos \u201cProcesos Transnacionales y Migraci\u00f3n\u201d de la Benem\u00e9rita\u00a0Universidad Aut\u00f3noma de Puebla BUAP-CA-230, \u201cEstudios Interdisciplinarios en CienciasSociales\u201d de la Universidad Aut\u00f3noma de Chiapas UNACH-CA-87 y el Programa de Derechos\u00a0Humanos de la Universidad de Minnesota que conforman la Red \u201cAcciones Locales en materia\u00a0migratoria\u201d<\/p>\n<p style=\"text-align: center;\">\n<strong>C O N V O C A N<\/strong><br \/>\na personas e instituciones del \u00e1mbito acad\u00e9mico, social y privado con vocaci\u00f3n e inter\u00e9s\u00a0en el abordaje local de las migraciones a participar en el 1er Congreso Internacional de la Red\u00a0\u201cAcciones locales en materia migratoria\u201d que se celebrar\u00e1 los d\u00edas 15 y 16 de diciembre de 2014<br \/>\nen las instalaciones de la Benem\u00e9rita Universidad Aut\u00f3noma de Puebla, presentando ponencias\u00a0con resultados de trabajos de investigaci\u00f3n y\/o de intervenci\u00f3n sobre las siguientes tem\u00e1ticas:<\/p>\n<p style=\"text-align: center;\">\nI. Violencia contra migrantes<br \/>\nII. J\u00f3venes migrantes<br \/>\nIII. Participaci\u00f3n pol\u00edtica de migrantes<br \/>\nIV. Desarrollo local con migrantes y familias<br \/>\nV. Pol\u00edticas y programas estatales y locales para migrantes y familias<br \/>\nVI. Legislaci\u00f3n estatal y local en materia migratoria<\/p>\n<p style=\"text-align: left;\">\n<strong>Fechas relevantes:<\/strong><br \/>\nEl env\u00edo de propuestas deber\u00e1 realizarse antes del 30 de junio de 2014 al correo electr\u00f3nico:\u00a0redlocalmigr@gmail.com<br \/>\nLa notificaci\u00f3n de aceptaci\u00f3n de propuestas se enviar\u00e1 antes del 30 de agosto de 2014.<br \/>\nEl env\u00edo de ponencias en extenso ser\u00e1 antes del 30 de octubre de 2014.<br \/>\nEl programa tentativo se enviar\u00e1 a los expositores el d\u00eda 5 de noviembre de 2014.<\/p>\n<p style=\"text-align: left;\">\n<strong>Datos de contacto:<\/strong><br \/>\nDra. Adriana Sletza Ortega y Dr. Misael Gonz\u00e1lez<br \/>\nTel +52 (222) 229 55 00 ext. 7727, Coordinaci\u00f3n de Relaciones Internacionales, Facultad de<br \/>\nDerecho y C.S., BUAP. Av. San Claudio y 22 sur, Edificio 114 J, Segundo Piso, Col. San Manuel,<br \/>\nPuebla, Puebla, C.P. 72000.<\/p>\n<p style=\"text-align: left;\">\n<p style=\"text-align: left;\">M\u00e1s informaci\u00f3n\u00a0<a href=\"http:\/\/www.colef.mx\/elmuro\/..\/media_elmuro\/2014\/05\/ConvocatoriaCongresoRed15y16Dic2014.pdf\">ConvocatoriaCongresoRed15y16Dic2014<\/a><\/p>\n","protected":false},"excerpt":{"rendered":"<p>Los cuerpos acad\u00e9micos \u201cProcesos Transnacionales y Migraci\u00f3n\u201d de la Benem\u00e9rita\u00a0Universidad Aut\u00f3noma de Puebla BUAP-CA-230, \u201cEstudios Interdisciplinarios en CienciasSociales\u201d de la Universidad Aut\u00f3noma de Chiapas UNACH-CA-87 y el Programa de Derechos\u00a0Humanos de la Universidad de Minnesota que conforman la Red \u201cAcciones Locales en materia\u00a0migratoria\u201d C O N V O C A N a personas e instituciones [&hellip;]<\/p>\n","protected":false},"author":10,"featured_media":0,"comment_status":"open","ping_status":"open","sticky":false,"template":"","format":"standard","meta":{"_acf_changed":false,"footnotes":""},"categories":[1,64],"tags":[],"class_list":["post-13833","post","type-post","status-publish","format-standard","hentry","category-avisosyconvocatorias","category-convocatorias-nacionales"],"acf":[],"_links":{"self":[{"href":"https:\/\/www.colef.mx\/elmuro\/wp-json\/wp\/v2\/posts\/13833"}],"collection":[{"href":"https:\/\/www.colef.mx\/elmuro\/wp-json\/wp\/v2\/posts"}],"about":[{"href":"https:\/\/www.colef.mx\/elmuro\/wp-json\/wp\/v2\/types\/post"}],"author":[{"embeddable":true,"href":"https:\/\/www.colef.mx\/elmuro\/wp-json\/wp\/v2\/users\/10"}],"replies":[{"embeddable":true,"href":"https:\/\/www.colef.mx\/elmuro\/wp-json\/wp\/v2\/comments?post=13833"}],"version-history":[{"count":0,"href":"https:\/\/www.colef.mx\/elmuro\/wp-json\/wp\/v2\/posts\/13833\/revisions"}],"wp:attachment":[{"href":"https:\/\/www.colef.mx\/elmuro\/wp-json\/wp\/v2\/media?parent=13833"}],"wp:term":[{"taxonomy":"category","embeddable":true,"href":"https:\/\/www.colef.mx\/elmuro\/wp-json\/wp\/v2\/categories?post=13833"},{"taxonomy":"post_tag","embeddable":true,"href":"https:\/\/www.colef.mx\/elmuro\/wp-json\/wp\/v2\/tags?post=13833"}],"curies":[{"name":"wp","href":"https:\/\/api.w.org\/{rel}","templated":true}]}}