{"id":13592,"date":"2014-04-15T10:25:29","date_gmt":"2014-04-15T17:25:29","guid":{"rendered":"http:\/\/www.colef.mx\/elmuro\/?p=13592"},"modified":"2014-04-15T10:25:29","modified_gmt":"2014-04-15T17:25:29","slug":"i-congreso-de-la-red-latinoamericana-de-posgrados-en-estudios-sobre-la-cultura","status":"publish","type":"post","link":"https:\/\/www.colef.mx\/elmuro\/i-congreso-de-la-red-latinoamericana-de-posgrados-en-estudios-sobre-la-cultura\/","title":{"rendered":"I Congreso de la Red Latinoamericana de Posgrados en estudios sobre la cultura"},"content":{"rendered":"<p><a href=\"http:\/\/www.colef.mx\/elmuro\/..\/media_elmuro\/2014\/04\/redposgrados.jpg\"><img loading=\"lazy\" decoding=\"async\" class=\"alignnone  wp-image-13594\" alt=\"redposgrados\" src=\"http:\/\/www.colef.mx\/elmuro\/..\/media_elmuro\/2014\/04\/redposgrados.jpg\" width=\"428\" height=\"186\" \/><\/a><\/p>\n<p><b><i>Red Latinoamericana de Posgrados en estudios sobre la cultura<\/i><\/b><\/p>\n<p><b style=\"line-height: 1.5em;\">I Congreso: <\/b><b style=\"line-height: 1.5em;\"><i>Cultura en Am\u00e9rica Latina: Pr\u00e1cticas, significados, cartograf\u00edas y discusiones.<\/i><\/b><\/p>\n<p align=\"center\"><b>En memoria de Stuart Hall<\/b><\/p>\n<p align=\"center\"><a href=\"http:\/\/www.colef.mx\/elmuro\/..\/media_elmuro\/2014\/04\/Convocatoria-ReLaPEC-2014.doc\">Convocatoria ReLaPEC 2014<\/a><\/p>\n<p>Aguascalientes, M\u00e9xico 13 &#8211; 15 de octubre de 2014.<\/p>\n<p>Primera\u00a0 circular<\/p>\n<p>La Red Latinoamericana de Posgrados en Estudios sobre la Cultura convoca a todos los interesados en los estudios socioculturales a participar en este primer congreso que se efectuar\u00e1 los d\u00edas 13, 14 y 15 de octubre de 2014 en las instalaciones de la Universidad Aut\u00f3noma de Aguascalientes, en\u00a0 la Ciudad de Aguascalientes, M\u00e9xico.<\/p>\n<p>El congreso considera los estudios sobre la cultura desde perspectivas amplias, interdisciplinarias y transdiciplinarias, que abordan las pr\u00e1cticas, las significaciones, las cartograf\u00edas y las discusiones, no como categor\u00edas aisladas sino interrelacionadas: procesos sociales de creaci\u00f3n de sentido, y significados productores de pr\u00e1cticas sociales, econ\u00f3micas, pol\u00edticas; contextos y trayectorias del estudio de la cultura en Latinoam\u00e9rica y su ubicaci\u00f3n en el contexto global; diferencias, desigualdades, di\u00e1logos y hegemon\u00edas.<\/p>\n<p>El congreso est\u00e1 organizado en mesas de trabajo y prev\u00e9 la participaci\u00f3n de conferencistas magistrales.<\/p>\n<p><strong>\u00a0Conferencistas magistrales confirmados hasta la fech<\/strong>a:<\/p>\n<p>Lawrence Grossberg, Universidad de Illinois, EUA.<\/p>\n<p>Jos\u00e9 Manuel Valenzuela Arce, El Colegio de la Frontera Norte, M\u00e9xico.<\/p>\n<p>Marc Zimmerman, Universidad de Chicago, EUA.<\/p>\n","protected":false},"excerpt":{"rendered":"<p>Red Latinoamericana de Posgrados en estudios sobre la cultura I Congreso: Cultura en Am\u00e9rica Latina: Pr\u00e1cticas, significados, cartograf\u00edas y discusiones. En memoria de Stuart Hall Convocatoria ReLaPEC 2014 Aguascalientes, M\u00e9xico 13 &#8211; 15 de octubre de 2014. Primera\u00a0 circular La Red Latinoamericana de Posgrados en Estudios sobre la Cultura convoca a todos los interesados en [&hellip;]<\/p>\n","protected":false},"author":10,"featured_media":0,"comment_status":"open","ping_status":"open","sticky":false,"template":"","format":"standard","meta":{"_acf_changed":false,"footnotes":""},"categories":[64],"tags":[],"class_list":["post-13592","post","type-post","status-publish","format-standard","hentry","category-convocatorias-nacionales"],"acf":[],"_links":{"self":[{"href":"https:\/\/www.colef.mx\/elmuro\/wp-json\/wp\/v2\/posts\/13592"}],"collection":[{"href":"https:\/\/www.colef.mx\/elmuro\/wp-json\/wp\/v2\/posts"}],"about":[{"href":"https:\/\/www.colef.mx\/elmuro\/wp-json\/wp\/v2\/types\/post"}],"author":[{"embeddable":true,"href":"https:\/\/www.colef.mx\/elmuro\/wp-json\/wp\/v2\/users\/10"}],"replies":[{"embeddable":true,"href":"https:\/\/www.colef.mx\/elmuro\/wp-json\/wp\/v2\/comments?post=13592"}],"version-history":[{"count":0,"href":"https:\/\/www.colef.mx\/elmuro\/wp-json\/wp\/v2\/posts\/13592\/revisions"}],"wp:attachment":[{"href":"https:\/\/www.colef.mx\/elmuro\/wp-json\/wp\/v2\/media?parent=13592"}],"wp:term":[{"taxonomy":"category","embeddable":true,"href":"https:\/\/www.colef.mx\/elmuro\/wp-json\/wp\/v2\/categories?post=13592"},{"taxonomy":"post_tag","embeddable":true,"href":"https:\/\/www.colef.mx\/elmuro\/wp-json\/wp\/v2\/tags?post=13592"}],"curies":[{"name":"wp","href":"https:\/\/api.w.org\/{rel}","templated":true}]}}