{"id":12857,"date":"2014-02-11T15:01:53","date_gmt":"2014-02-11T22:01:53","guid":{"rendered":"http:\/\/www.colef.mx\/elmuro\/?p=12857"},"modified":"2014-02-11T15:08:25","modified_gmt":"2014-02-11T22:08:25","slug":"el-ecosureno-num-4-boletin-informativo","status":"publish","type":"post","link":"https:\/\/www.colef.mx\/elmuro\/el-ecosureno-num-4-boletin-informativo\/","title":{"rendered":"El Ecosure\u00f1o num. 4, bolet\u00edn informativo"},"content":{"rendered":"<p align=\"center\"><b><i>Ecosur en la Web<\/i><\/b><\/p>\n<p>\u00a0<b>Primer taller binacional Proyecto Semilla:<\/b> Procesos de conectividad biol\u00f3gica en la bah\u00eda de Chetumal y cuencas marinas y terrestres adyacentes: una regi\u00f3n prioritaria con un componente transfronterizo, en las instalaciones de la Unidad Chetumal. M\u00e1s informaci\u00f3n en <a href=\"http:\/\/www.ecosur.mx\/\">www.ecosur.mx<\/a><\/p>\n<p align=\"center\"><b><i>Congresos, Cursos y Tallere<\/i><\/b><b><i>s<\/i><\/b><b><i><\/i><\/b><\/p>\n<p>&nbsp;<\/p>\n<p><b>\u00a0<\/b><b>4\u00ba Congreso Nacional de Ciencias Sociales<\/b>. La Construcci\u00f3n del Futuro. Los retos de las Ciencias Sociales en M\u00e9xico. Se realizar\u00e1 en San Crist\u00f3bal de Las Casas, Chiapas, del 24 al 28 de marzo de 2014. Se abordar\u00e1n 16 ejes tem\u00e1ticos. <a href=\"http:\/\/www.comecso.com\/congreso\">www.comecso.com\/congreso<\/a> , correo <a href=\"mailto:infocongreso@comecso.com\">infocongreso@comecso.com<\/a><\/p>\n<p>&nbsp;<\/p>\n<p><b>Servicios que ofrece el laboratorio de Microscop\u00eda Electr\u00f3nica de Barrido<\/b> con sede en la Unidad Tapachula. <a href=\"http:\/\/laboratorios.tap-ecosur.edu.mx\/LMEB\/index.html\">http:\/\/laboratorios.tap-ecosur.edu.mx\/LMEB\/index.html<\/a>\u00a0 Contactar a la M. en C. Guadalupe Nieto L\u00f3pez al correo: <a href=\"mailto:gnieto@ecosur.mx\">gnieto@ecosur.mx<\/a><\/p>\n<p>&nbsp;<\/p>\n<p><b>Servicios que ofrece el laboratorio de Bromatolog\u00eda <\/b>con sede en la Unidad San Crist\u00f3bal. An\u00e1lisis de alimentos para consumo humano y animal con el objetivo de proporcionar\u00a0 informaci\u00f3n sobre contenido nutricional, elaboraci\u00f3n de etiquetas nutricionales, evaluaci\u00f3n de toxicidad en forrajes que son de utilidad tanto para procesos productivos y desarrollo de nuevos productos, etc. Contactar a la Quim. Mar\u00eda Guadalupe P\u00e9rez Escobar al correo <a href=\"mailto:gperez@ecosur.mx\">gperez@ecosur.mx<\/a>,<\/p>\n<p>&nbsp;<\/p>\n<p>&nbsp;<\/p>\n<p align=\"right\"><b style=\"line-height: 1.5em\">\u00a0<\/b><\/p>\n<p align=\"center\"><b><i>Publicaciones de Ecosur<\/i><\/b><b><i><\/i><\/b><\/p>\n<p>&nbsp;<\/p>\n<p><b>Los bosques urbanos, refugios de biodiversidad: El Cerrito de San Crist\u00f3bal<\/b>, editores: Lorena Ru\u00edz-Montoya y Neptal\u00ed Ram\u00edrez-Marcial. Esta publicaci\u00f3n es una muestra de la gran riqueza biol\u00f3gica en un espacio relativamente peque\u00f1o; un bosque en pleno coraz\u00f3n de la ciudad y es un modelo a seguir. Puedes adquirirla al correo <a href=\"mailto:llibros@ecosur.mx\">llibros@ecosur.mx<\/a> Costo $120.00 pesos, o bien acudir al Departamento de Difusi\u00f3n y Comunicaci\u00f3n de ECOSUR.<\/p>\n<p><b>\u00a0<\/b><\/p>\n<p><b>Manual de construcci\u00f3n y manejo de humedales <\/b><b>artificiales para el tratamiento de agua residual de beneficio de caf\u00e9.<\/b> Gamaliel Mej\u00eda, David Herrera, Ricardo Bello, Mikhail Sokolov. El manual ofrece una alternativa econ\u00f3mica, eficiente, sin consumo de energ\u00eda y sin necesidad de personal especializado para el tratamiento de este tipo de agua residual. Muestran de manera accesible las etapas de planeaci\u00f3n, construcci\u00f3n, operaci\u00f3n y mantenimiento de los humedales artificiales, para que usuarios de agua como cafetaleros e interesados encuentren una alternativa pr\u00e1ctica.<\/p>\n<p align=\"right\"><b style=\"line-height: 1.5em\">\u00a0<\/b><\/p>\n<p><b>\u00a0<\/b><b style=\"line-height: 1.5em\">\u00a0 \u00a0 \u00a0 \u00a0 \u00a0 \u00a0 \u00a0\u00a0<\/b><\/p>\n<p align=\"left\"><b>\u00a0\u00a0\u00a0\u00a0\u00a0\u00a0\u00a0 <\/b><b>Convocatorias Externas <\/b><\/p>\n<p align=\"center\"><b>\u00a0<\/b><\/p>\n<p><b>Seminario permanente \u201cCultura y representaciones sociales<\/b><b>\u201d,<\/b> Instituto de Investigaciones Sociales-UNAM. Programa Anual 2014. Primera sesi\u00f3n: 17 de febrero, 2014. 10:30 a 13:00 horas, \u201cUna sociolog\u00eda ambiental para la sustentabilidad: desaf\u00edos te\u00f3rico-epistemol\u00f3gicos para las ciencias sociales y para la construcci\u00f3n de una racionalidad ambiental\u201d Se transmitir\u00e1 por webcast<\/p>\n<p><a href=\"http:\/\/www.iis.unam.mx\/indexeventos.php?_module=266&amp;f7664060cc52bc6f3d620bcedc94a4b6\">http:\/\/www.iis.unam.mx\/indexeventos.php?_module=266&amp;f7664060cc52bc6f3d620bcedc94a4b6<\/a><\/p>\n<p>&nbsp;<\/p>\n<p><b>Curso: Evaluaci\u00f3n Curricular por competencias<\/b>. Convoca ANUIES. Se efectuar\u00e1 del 19 al 21 de febrero en curso. Mayor informaci\u00f3n con la Responsable de Cursos Casa ANUIES al correo: <a href=\"mailto:dcadena@anuies.mx\">dcadena@anuies.mx<\/a>\u00a0 P\u00e1gina:\u00a0 <a href=\"http:\/\/www.anuies.mx\/content\/.php?varSectionID=146&amp;varIDCurso=633\">www.anuies.mx\/content\/.php?varSectionID=146&amp;varIDCurso=633<\/a><\/p>\n<p>&nbsp;<\/p>\n<p><b>Seminario permanente \u201cLa Crisis, el Poder y los Movimientos <\/b><b>Sociales en el Mundo Global\u201d,<\/b> Instituto de Investigaciones Sociales-UNAM. Programa Anual 2014. Primera sesi\u00f3n: 20 de febrero, 11:00 a 13:00 horas, \u201cMovimientos sociales, antagonismo y autonom\u00eda\u201d Massimo Modonesi, FCPyS-UNAM\u00a0 \u201cLa nueva configuraci\u00f3n pol\u00edtica de los movimientos sociales\u201d Diana Guill\u00e9n, Instituto Mora.\u00a0 Transmisi\u00f3n por webcast<\/p>\n<p><a href=\"http:\/\/www.iis.unam.mx\/indexeventos.php?_module=274&amp;d947bf06a885db0d477d707121934ff8\">http:\/\/www.iis.unam.mx\/indexeventos.php?_module=274&amp;d947bf06a885db0d477d707121934ff8<\/a><\/p>\n<p>&nbsp;<\/p>\n<p><b>Conferencia Internacional de la IAU, 2014<\/b><b>.<\/b> <i>Hacia la conjunci\u00f3n de la educaci\u00f3n superior y el conocimiento tradicional para el desarrollo sostenible<\/i>. Universidad Cient\u00edfica del Per\u00fa. Del 19 al 21 de marzo en Iquitos, Per\u00fa. Mayor informaci\u00f3n en <a href=\"http:\/\/www.iau-iau.net\/\">www.iau-iau.net<\/a> correo <a href=\"mailto:e.boisfer@iau-iau.net\">e.boisfer@iau-iau.net<\/a>\u00a0 Ver p\u00e1gina: <a href=\"http:\/\/www.iau-aiu.net\/civicrm\/event\/info?reset=1&amp;id=353\">http:\/\/www.iau-aiu.net\/civicrm\/event\/info?reset=1&amp;id=353<\/a><\/p>\n<p>&nbsp;<\/p>\n<p><b>Certificaci\u00f3n Energ\u00e9tica en Edificios Existentes \u00abPrograma CE3X\u00bb, <\/b><b>3\u00aa edici\u00f3n. Curso on-line. <\/b>\u00a0Del 7 de marzo al 11 de abril de 2014.\u00a0 Precio especial, si pagas antes del 17 de febrero 100\u20ac. Informes al correo <a href=\"mailto:info@elearningforest.com\">info@elearningforest.com<\/a> Inscripciones hasta el 6 de marzo. P\u00e1gina: <a href=\"http:\/\/www.elearningforest.com\/index.php\/menu-cursos\/sotenibilidad-energetica\/328-edificios.html\">http:\/\/www.elearningforest.com\/index.php\/menu-cursos\/sotenibilidad-energetica\/328-edificios.html<\/a><\/p>\n<p>&nbsp;<\/p>\n<p><b>Curso Conservaci\u00f3n Pr\u00e1ctica: Planeaci\u00f3n, operaci\u00f3n <\/b><b>y evaluaci\u00f3n de proyectos sobre biodiversidad.<\/b>\u00a0 Se impartir\u00e1 en el Instituto de Ecolog\u00eda, A.C. Xalapa, Veracruz. \u00a0Del 31 de marzo al 11 de abril de 2014. Informaci\u00f3n en: <span style=\"text-decoration: underline\">\u00a0<\/span><span style=\"text-decoration: underline\"><a href=\"http:\/\/conservacion-especies.com\/curso_conservacion.html\">http:\/\/conservacion-especies.com\/curso_conservacion.html<\/a><\/span><\/p>\n<p>&nbsp;<\/p>\n<p><b>4\u00ba Congreso Internacional Pobreza-Migraci\u00f3n-Desarrollo,<\/b><b> Chiapas 2014.<\/b> se realizar\u00e1 del 9 al 11 de abril. Conferencias Magistrales, Ponencias, temas transversales sobre derechos humanos y g\u00e9nero. Recepci\u00f3n de res\u00famenes, hasta el9 de febrero al correo <a href=\"mailto:congresocedes2014@unach.mx\">congresocedes2014@unach.mx<\/a>\u00a0 Lineamientos e inscripciones en la p\u00e1gina <a href=\"http:\/\/www.congresocedes.unach.mx\/\">www.congresocedes.unach.mx<\/a> Se entregar\u00e1 Memoria digital con ISBN y constancia de participaci\u00f3n por ponencia y autores.<\/p>\n<p>&nbsp;<\/p>\n<p><b>Debates contempor\u00e1neos en los estudios de g\u00e9nero<\/b>, Curso de Verano 2014. del 16 de junio al 18 de julio. Recepci\u00f3n de solicitudes y documentos (pdf o jpg) hasta el 31 de marzo de 2014. Informes con Josefina Recillas\/Luz Zambrano al correo <a href=\"mailto:cverpiem@colmex.mx\">cverpiem@colmex.mx<\/a> Consultar el programa a partir de abril en <a href=\"http:\/\/piem.colmex.mx\/index.php\/curso-de-verano\">http:\/\/piem.colmex.mx\/index.php\/curso-de-verano<\/a><\/p>\n<p>&nbsp;<\/p>\n<p><b>Programas de posgrado de El Colef<\/b>. Reconocidos en el padr\u00f3n Nacional de posgrados de calidad CONACYT. Visita la p\u00e1gina <a href=\"http:\/\/www.colef.mx\/\">www.colef.mx<\/a> Mayor informaci\u00f3n: Flor Arballo Alejandre, Responsable de Divulgaci\u00f3n <span style=\"text-decoration: underline\"><a href=\"mailto:medios@colef.mx\">medios@colef.mx<\/a><\/span><\/p>\n<p>&nbsp;<\/p>\n<p><b>El CICY nos comparte su catalogo de cursos, <\/b><b>talleres y diplomados<\/b> a ofertar durante este primer semestre de 2014. M\u00e1s informaci\u00f3n, con Mauricio Alvarado Sosa, correo: <a href=\"mailto:econtinua@cicy.mx\">econtinua@cicy.mx<\/a><\/p>\n<p><a href=\"http:\/\/www.cicy.mx\/educacion-continua\/introduccion\">http:\/\/www.cicy.mx\/educacion-continua\/introduccion<\/a><\/p>\n<p>&nbsp;<\/p>\n<p align=\"right\"><b>\u00a0 \u00a0 \u00a0 \u00a0 \u00a0 \u00a0\u00a0<\/b><b><i>\u00a0<\/i><\/b><\/p>\n<p align=\"center\"><b><i>\u00a0 Becas, Premios, Tesis\u00a0 <\/i><\/b><\/p>\n<p>&nbsp;<\/p>\n<p><b>Programa de Estancias de Verano en EEUU <\/b><b>para investigadores j\u00f3venes AMC-FUMEC.<\/b> Fecha l\u00edmite para entrega de documentaci\u00f3n, 21\u00a0de marzo. Consulta la convocatoria en <a href=\"http:\/\/www.amc.mx\/\">www.amc.mx<\/a><\/p>\n<p>&nbsp;<\/p>\n<p align=\"right\"><b style=\"line-height: 1.5em\">\u00a0 \u00a0 \u00a0 \u00a0 \u00a0 \u00a0 \u00a0 \u00a0 \u00a0 \u00a0 \u00a0 \u00a0 \u00a0 \u00a0 \u00a0 \u00a0 \u00a0 \u00a0 \u00a0 \u00a0 \u00a0 \u00a0 \u00a0 \u00a0 \u00a0 \u00a0 \u00a0 \u00a0\u00a0<\/b><\/p>\n<p>&nbsp;<\/p>\n<p><b><i>\u00a0\u00a0\u00a0\u00a0\u00a0\u00a0\u00a0\u00a0\u00a0\u00a0\u00a0\u00a0\u00a0\u00a0\u00a0\u00a0\u00a0\u00a0\u00a0\u00a0\u00a0\u00a0\u00a0\u00a0\u00a0\u00a0\u00a0\u00a0\u00a0\u00a0\u00a0\u00a0\u00a0\u00a0 <\/i><\/b><b><i>\u00a0<\/i><\/b><b><i>Otras Publicaciones<\/i><\/b><\/p>\n<p>Presentaciones de libros:<\/p>\n<p><b>\u201cLa iglesia en el M\u00e9xico colonial\u201d,<\/b> de Antonio Rubial, coordinador. 22 de febrero. Participan: Ma. Teresa \u00c1lvarez Icaza, Jessica Ram\u00edrez y el coordinador. 11 horas. Sal\u00f3n El Caballito. Palacio de Miner\u00eda, Tacuba n\u00fam. 5, Centro hist\u00f3rico, M\u00e9xico, D.F.<\/p>\n<p><b>\u201cHistoria documental de M\u00e9xico\u201d,<\/b> 3 vol\u00famenes, de Miguel Le\u00f3n Portilla (editor). 22 de febrero. Participan: Alfredo \u00c1vila, Ana Carolina Ibarra y el editor. 11 horas. Sal\u00f3n de Actos<\/p>\n<p>Palacio de Miner\u00eda, Tacuba n\u00fam. 5, Centro hist\u00f3rico, M\u00e9xico, D.F.<\/p>\n<p>&nbsp;<\/p>\n<p><b>\u201cSin derechos. Exclusi\u00f3n y discriminaci\u00f3n en el M\u00e9xico actual\u201d<\/b>. Obra colectiva de la L\u00ednea de Investigaci\u00f3n \u201cDerechos, conflictos\u00a0 socio-ambientales y pol\u00edtica\u201d. 12 de febrero, 17: 00 horas. Invitados: H\u00e9ctor Fix-Fierro, Instituto de Investigaciones Jur\u00eddicas (IIJ) UNAM, Mauricio Garc\u00eda Villegas, Universidad Nacional de Colombia, Carlos Miguel Herrera, Universit\u00e9 de Cergy Pontoise. Moderadora: Marisol Angl\u00e9s, Aula \u201cNiceto Alcal\u00e1\u201d de la UNAM<\/p>\n<p><a href=\"http:\/\/info.juridicas.unam.mx\/inst\/evacad\/Eventos\/2014\/0212-2\/\">http:\/\/info.juridicas.unam.mx\/inst\/evacad\/Eventos\/2014\/0212-2\/<\/a><\/p>\n<p>&nbsp;<\/p>\n<p style=\"text-align: justify\" align=\"right\"><b style=\"line-height: 1.5em\">Otras Noticias<\/b><\/p>\n<p>&nbsp;<\/p>\n<p><b>Diputados avalan reforma a legislaci\u00f3n del CONACYT<\/b><\/p>\n<p><a href=\"http:\/\/www.eluniversal.com.mx\/nacion-mexico\/2014\/diputados-avalan-reforma-a-legislacion-del-conacyt-985679.html\">http:\/\/www.eluniversal.com.mx\/nacion-mexico\/2014\/diputados-avalan-reforma-a-legislacion-del-conacyt-985679.html<\/a><\/p>\n<p>&nbsp;<\/p>\n<p><b>CONACYT publica reformas al Sistema Nacional de Investigadores<\/b>. Informaci\u00f3n que tambi\u00e9n public\u00f3 el Diario Oficial de la Federaci\u00f3n de fecha 11 de febrero de 2014. <a href=\"http:\/\/www.dof.gob.mx\/\">www.dof.gob.mx<\/a><\/p>\n<p><a href=\"http:\/\/www.uniradionoticias.com\/noticias\/mexico\/articulo250874.html#sthash.uQ7tIjNZ.dpuf\">http:\/\/www.uniradionoticias.com\/noticias\/mexico\/articulo250874.html#sthash.uQ7tIjNZ.dpuf<\/a><\/p>\n<p>&nbsp;<\/p>\n<p><i>Bolet\u00edn Electr\u00f3nico Informativo de ECOSUR. Editado por <\/i><i>Mar\u00eda de Lourdes Camacho Corzo, \u00c1rea Informativa, Departamento de Difusi\u00f3n y Comunicaci\u00f3n. \u00a0El Colegio de la Frontera Sur, San Crist\u00f3bal\u00a0 de\u00a0 Las\u00a0 Casas,\u00a0 Chiapas, M\u00e9xico.\u00a0 Tel\u00e9fono \u00a001 (967) 674 9000 Ext. 1780, Fax: 6749021<\/i>,\u00a0 <a href=\"mailto:b-difusion@ecosur.mx\">b-difusion@ecosur.mx<\/a>\u00a0 y\u00a0 <a href=\"mailto:lcamacho@ecosur.mx\">lcamacho@ecosur.mx<\/a> . <i>Colaboradores:\u00a0 Claudia Brunel, Oscar Chow, Diego D\u00edaz, Magda Jimenez, Cecilia Lim\u00f3n,\u00a0 Susana Ochoa, Alejandro Ortega, Esperanza Tu\u00f1\u00f3n<\/i><i><\/i><\/p>\n","protected":false},"excerpt":{"rendered":"<p>Ecosur en la Web \u00a0Primer taller binacional Proyecto Semilla: Procesos de conectividad biol\u00f3gica en la bah\u00eda de Chetumal y cuencas marinas y terrestres adyacentes: una regi\u00f3n prioritaria con un componente transfronterizo, en las instalaciones de la Unidad Chetumal. M\u00e1s informaci\u00f3n en www.ecosur.mx Congresos, Cursos y Talleres &nbsp; \u00a04\u00ba Congreso Nacional de Ciencias Sociales. La Construcci\u00f3n [&hellip;]<\/p>\n","protected":false},"author":8,"featured_media":0,"comment_status":"open","ping_status":"open","sticky":false,"template":"","format":"standard","meta":{"_acf_changed":false,"footnotes":""},"categories":[1,24],"tags":[],"class_list":["post-12857","post","type-post","status-publish","format-standard","hentry","category-avisosyconvocatorias","category-boletines-de-difusion"],"acf":[],"_links":{"self":[{"href":"https:\/\/www.colef.mx\/elmuro\/wp-json\/wp\/v2\/posts\/12857"}],"collection":[{"href":"https:\/\/www.colef.mx\/elmuro\/wp-json\/wp\/v2\/posts"}],"about":[{"href":"https:\/\/www.colef.mx\/elmuro\/wp-json\/wp\/v2\/types\/post"}],"author":[{"embeddable":true,"href":"https:\/\/www.colef.mx\/elmuro\/wp-json\/wp\/v2\/users\/8"}],"replies":[{"embeddable":true,"href":"https:\/\/www.colef.mx\/elmuro\/wp-json\/wp\/v2\/comments?post=12857"}],"version-history":[{"count":0,"href":"https:\/\/www.colef.mx\/elmuro\/wp-json\/wp\/v2\/posts\/12857\/revisions"}],"wp:attachment":[{"href":"https:\/\/www.colef.mx\/elmuro\/wp-json\/wp\/v2\/media?parent=12857"}],"wp:term":[{"taxonomy":"category","embeddable":true,"href":"https:\/\/www.colef.mx\/elmuro\/wp-json\/wp\/v2\/categories?post=12857"},{"taxonomy":"post_tag","embeddable":true,"href":"https:\/\/www.colef.mx\/elmuro\/wp-json\/wp\/v2\/tags?post=12857"}],"curies":[{"name":"wp","href":"https:\/\/api.w.org\/{rel}","templated":true}]}}