{"id":11126,"date":"2013-03-26T12:30:29","date_gmt":"2013-03-26T19:30:29","guid":{"rendered":"http:\/\/www.colef.mx\/elmuro\/?p=11126"},"modified":"2013-03-26T12:30:29","modified_gmt":"2013-03-26T19:30:29","slug":"convocatoria-entreciencias","status":"publish","type":"post","link":"https:\/\/www.colef.mx\/elmuro\/convocatoria-entreciencias\/","title":{"rendered":"Convocatoria Entreciencias"},"content":{"rendered":"<p style=\"text-align: center;\"><strong>CONVOCATORIA<\/strong><\/p>\n<p>Entreciencias es una publicaci\u00f3n multidisciplinar biling\u00fce, editada semestralmente por la Escuela Nacional de Estudios Superiores Unidad Le\u00f3n \/UNAM que tiene como objetivo: \u201cDifundir contribuciones originales y de calidad, resultado del trabajo de investigaci\u00f3n o de reflexiones te\u00f3ricas que apoyen en el avance del conocimiento del \u00e1rea en cuesti\u00f3n o que aporten elementos para la soluci\u00f3n de problemas relevantes actuales\u201d.<\/p>\n<p>Se reciben art\u00edculos y rese\u00f1as bibliogr\u00e1ficas en espa\u00f1ol o en ingl\u00e9s. Los art\u00edculos ser\u00e1n enviados a dictamen por pares bajo el esquema \u201cdoble ciego\u201d (se omiten tanto los nombres de los autores como de los dictaminadores). Las rese\u00f1as bibliogr\u00e1ficas ser\u00e1n revisadas y elegidas por los editores. Los autores que env\u00eden sus trabajos se comprometen a no someterlos de manera<br \/>\nsimult\u00e1nea en ninguna otra publicaci\u00f3n.<\/p>\n<p>Entreciencias convoca a investigadores a enviar sus contribuciones para ser consideradas en los n\u00fameros 1 (junio) y 2 (diciembre) de este a\u00f1o con las siguientes fechas l\u00edmite de env\u00edo:<br \/>\n<strong>N\u00famero 1: 31 de marzo<\/strong><br \/>\n<strong>N\u00famero 2: 31 de agosto<\/strong><\/p>\n<p>Los art\u00edculos deber\u00e1n tomar en cuenta las siguientes consideraciones:<\/p>\n<p><strong>1)<\/strong> Los trabajos deber\u00e1n enviarse en formato Word, RTF o Linux a los correos electr\u00f3nicos entreciencias@enes.unam.mx y<br \/>\nadriana.martinez@enes.unam.mx; no deber\u00e1n contener los datos del autor (es).<\/p>\n<p><strong>2)<\/strong> Por separado se enviar\u00e1n los datos del autor y coautores (si es el caso): nombre completo, grado acad\u00e9mico, instituci\u00f3n de adscripci\u00f3n, cargo que ocupa, l\u00edneas de investigaci\u00f3n, direcci\u00f3n electr\u00f3nica, tel\u00e9fono y fax.<\/p>\n<p><strong>3)<\/strong> Todo art\u00edculo deber\u00e1 incluir un resumen en espa\u00f1ol y abstract en ingl\u00e9s de 100 a 150 palabras.<\/p>\n<p><strong>4)<\/strong> Se deber\u00e1n incluir al menos 4 y como m\u00e1ximo 5 palabras clave tanto en ingl\u00e9s como en espa\u00f1ol.<\/p>\n<p><strong>5)<\/strong> La extensi\u00f3n de los art\u00edculos es de un m\u00ednimo de 5000 palabras y un\u00a0 m\u00e1ximo de 10,000 palabras (Fuente: Times New Roman, 12 puntos, interlineado 1.5, tama\u00f1o carta, m\u00e1rgenes de 3 cm).<\/p>\n<p><strong>6)<\/strong> Las notas se presentar\u00e1n a pie de p\u00e1gina y s\u00f3lo se usar\u00e1n para aclarar o dar m\u00e1s informaci\u00f3n sobre el punto que se est\u00e9 tratando (Fuente: Times New Roman, 11 puntos, interlineado sencillo). Deber\u00e1n aparecer numeradas de manera consecutiva.<\/p>\n<p><strong>7)<\/strong> Las citas deber\u00e1n insertarse al final del texto, numeradas de manera consecutiva. Se citar\u00e1 de la siguiente manera: apellido autor \u2013 si son varios autores se se\u00f1alar\u00e1n hasta 3 apellidos, si son m\u00e1s de 4, entonces se pondr\u00e1 el apellido del primer autor y la locuci\u00f3n et al. \u2013 a\u00f1o de la publicaci\u00f3n, p\u00e1gina.<\/p>\n<p><strong>8)<\/strong> Las im\u00e1genes, figuras, cuadros y gr\u00e1ficas deber\u00e1n estar referenciadas e insertadas en el cuerpo del texto original identificadas por t\u00edtulo, fuente, pie de foto, etc\u00e9tera.<\/p>\n<p><strong>9)<\/strong> Cada uno de estos deber\u00e1 ser enviado por separado y en archivo editable. Las im\u00e1genes con resoluci\u00f3n de 300 dpi e identificadas por su t\u00edtulo, en formato TIF o JPG. Las gr\u00e1ficas y figuras es recomendable entregarlas en el archivo que fueron creadas: Excel, Corel, Draw o Illustrator. Es importante que considere no enviarlas en formato de imagen. Los cuadros deben de ser editables, con la informaci\u00f3n estad\u00edstica concisa y de preferencia en Excel.<\/p>\n<p><strong>10)<\/strong> Las referencias bibliogr\u00e1ficas y de internet as\u00ed como las p\u00e1ginas electr\u00f3nicas se presentar\u00e1n al final del documento y en secciones separadas. Deber\u00e1n ser enlistadas en orden alfab\u00e9tico y s\u00f3lo se incluir\u00e1n las referencias que hayan sido mencionadas a lo largo del texto.<br \/>\na. Referencias bibliogr\u00e1ficas: a) Para libros: apellidos, nombre, a\u00f1o (entre par\u00e9ntesis), t\u00edtulo (en cursivas), editorial, ciudad; b)<br \/>\nPara art\u00edculo compilado en libro: apellidos, nombre, a\u00f1o (entre par\u00e9ntesis), t\u00edtulo (entre comillas), la palabra en, nombre del<br \/>\ncompilador, t\u00edtulo del libro (en cursivas), editorial, ciudad; c) Para: revistas y peri\u00f3dicos: apellidos, nombre, a\u00f1o (entre<br \/>\npar\u00e9ntesis), t\u00edtulo (entre comillas), la palabra en, nombre de la publicaci\u00f3n, volumen, n\u00famero, p\u00e1ginas<br \/>\nb. Referencias electr\u00f3nicas: apellidos, nombre, a\u00f1o (entre par\u00e9ntesis), URL, fecha de consulta (d\u00eda, mes, a\u00f1o).<br \/>\nc. P\u00e1ginas electr\u00f3nicas: URL, fecha de consulta (d\u00eda, mes, a\u00f1o).<\/p>\n<p><strong>11)<\/strong> Los resultados del proceso de dictaminaci\u00f3n pueden ser: a) Recomendado ampliamente para su publicaci\u00f3n, b) Publicarlo una vez que se hayan realizado las correcciones y c) No publicarlo. En el caso del inciso b, el autor o autores tendr\u00e1n 3 semanas para incorporar las correcciones solicitadas, al t\u00e9rmino de \u00e9stas enviar\u00e1n la versi\u00f3n modificada y una carta en donde se se\u00f1alen los cambios realizados para atender las recomendaciones de los dictaminadores.<br \/>\n<strong><\/strong><\/p>\n<p><strong>Las rese\u00f1as:<\/strong><\/p>\n<ul>\n<li>Deber\u00e1n ser cr\u00edticas e incluir la ficha bibliogr\u00e1fica de la publicaci\u00f3n en cuesti\u00f3n: autor, a\u00f1o, t\u00edtulo del libro, lugar, editorial, y n\u00famero de p\u00e1ginas.<\/li>\n<li>La extensi\u00f3n m\u00e1xima de estos trabajos es de 1500 palabras (Fuente: Times New Roman, 12 puntos, interlineado 1.5, tama\u00f1o carta, m\u00e1rgenes de 3 cm.)<\/li>\n<li>Los autores, cuyos trabajos hayan sido aceptados, deber\u00e1n enviar junto con la versi\u00f3n final de su contribuci\u00f3n una carta de cesi\u00f3n de derechos para la publicaci\u00f3n de su trabajo.<\/li>\n<\/ul>\n<p>&nbsp;<\/p>\n<p>Comunicaci\u00f3n Institucional CIMAT<\/p>\n<p>(473) 732 7155 ext. 49592<\/p>\n<p><a href=\"mailto:pino@cimat.mx\" target=\"_blank\">pino@cimat.mx<\/a><\/p>\n","protected":false},"excerpt":{"rendered":"<p>CONVOCATORIA Entreciencias es una publicaci\u00f3n multidisciplinar biling\u00fce, editada semestralmente por la Escuela Nacional de Estudios Superiores Unidad Le\u00f3n \/UNAM que tiene como objetivo: \u201cDifundir contribuciones originales y de calidad, resultado del trabajo de investigaci\u00f3n o de reflexiones te\u00f3ricas que apoyen en el avance del conocimiento del \u00e1rea en cuesti\u00f3n o que aporten elementos para la [&hellip;]<\/p>\n","protected":false},"author":8,"featured_media":0,"comment_status":"closed","ping_status":"closed","sticky":false,"template":"","format":"standard","meta":{"_acf_changed":false,"footnotes":""},"categories":[1,66,64],"tags":[],"class_list":["post-11126","post","type-post","status-publish","format-standard","hentry","category-avisosyconvocatorias","category-convocatorias-internacionales","category-convocatorias-nacionales"],"acf":[],"_links":{"self":[{"href":"https:\/\/www.colef.mx\/elmuro\/wp-json\/wp\/v2\/posts\/11126"}],"collection":[{"href":"https:\/\/www.colef.mx\/elmuro\/wp-json\/wp\/v2\/posts"}],"about":[{"href":"https:\/\/www.colef.mx\/elmuro\/wp-json\/wp\/v2\/types\/post"}],"author":[{"embeddable":true,"href":"https:\/\/www.colef.mx\/elmuro\/wp-json\/wp\/v2\/users\/8"}],"replies":[{"embeddable":true,"href":"https:\/\/www.colef.mx\/elmuro\/wp-json\/wp\/v2\/comments?post=11126"}],"version-history":[{"count":0,"href":"https:\/\/www.colef.mx\/elmuro\/wp-json\/wp\/v2\/posts\/11126\/revisions"}],"wp:attachment":[{"href":"https:\/\/www.colef.mx\/elmuro\/wp-json\/wp\/v2\/media?parent=11126"}],"wp:term":[{"taxonomy":"category","embeddable":true,"href":"https:\/\/www.colef.mx\/elmuro\/wp-json\/wp\/v2\/categories?post=11126"},{"taxonomy":"post_tag","embeddable":true,"href":"https:\/\/www.colef.mx\/elmuro\/wp-json\/wp\/v2\/tags?post=11126"}],"curies":[{"name":"wp","href":"https:\/\/api.w.org\/{rel}","templated":true}]}}