{"id":10558,"date":"2013-01-22T11:47:24","date_gmt":"2013-01-22T18:47:24","guid":{"rendered":"http:\/\/www.colef.net\/elmuro\/?p=10558"},"modified":"2013-01-22T11:49:09","modified_gmt":"2013-01-22T18:49:09","slug":"convocatoria-premio-iberoamericano-en-ciencias-sociales-2","status":"publish","type":"post","link":"https:\/\/www.colef.mx\/elmuro\/convocatoria-premio-iberoamericano-en-ciencias-sociales-2\/","title":{"rendered":"Convocatoria Premio Iberoamericano en Ciencias Sociales"},"content":{"rendered":"<p style=\"text-align: center\"><strong>El Instituto de Investigaciones Sociales de la <\/strong><br \/>\n<strong>Universidad Nacional Aut\u00f3noma de M\u00e9xico<\/strong><br \/>\n<strong>convoca a investigadores y profesores de Ciencias Sociales<\/strong><br \/>\n<strong>en instituciones de Am\u00e9rica Latina, Espa\u00f1a y Portugal a la <\/strong><br \/>\n<strong>S\u00e9ptima edici\u00f3n del<\/strong><\/p>\n<p><span style=\"text-decoration: underline\"><strong>Premio Iberoamericano en Ciencias Sociales<\/strong><\/span><\/p>\n<p>consulte la convocatoria a trav\u00e9s de este link<span style=\"color: #0f243e\"><\/p>\n<p><\/span><a title=\"http:\/\/www.iis.unam.mx\/pdfs\/ConvocatoriaPremioIberoamericano.pdf\" href=\"http:\/\/www.iis.unam.mx\/pdfs\/ConvocatoriaPremioIberoamericano.pdf\">http:\/\/www.iis.unam.mx\/pdfs\/ConvocatoriaPremioIberoamericano.pdf<\/a><\/p>\n","protected":false},"excerpt":{"rendered":"<p>El Instituto de Investigaciones Sociales de la Universidad Nacional Aut\u00f3noma de M\u00e9xico convoca a investigadores y profesores de Ciencias Sociales en instituciones de Am\u00e9rica Latina, Espa\u00f1a y Portugal a la S\u00e9ptima edici\u00f3n del Premio Iberoamericano en Ciencias Sociales consulte la convocatoria a trav\u00e9s de este link http:\/\/www.iis.unam.mx\/pdfs\/ConvocatoriaPremioIberoamericano.pdf<\/p>\n","protected":false},"author":8,"featured_media":0,"comment_status":"closed","ping_status":"closed","sticky":false,"template":"","format":"standard","meta":{"_acf_changed":false,"footnotes":""},"categories":[1,64],"tags":[],"class_list":["post-10558","post","type-post","status-publish","format-standard","hentry","category-avisosyconvocatorias","category-convocatorias-nacionales"],"acf":[],"_links":{"self":[{"href":"https:\/\/www.colef.mx\/elmuro\/wp-json\/wp\/v2\/posts\/10558"}],"collection":[{"href":"https:\/\/www.colef.mx\/elmuro\/wp-json\/wp\/v2\/posts"}],"about":[{"href":"https:\/\/www.colef.mx\/elmuro\/wp-json\/wp\/v2\/types\/post"}],"author":[{"embeddable":true,"href":"https:\/\/www.colef.mx\/elmuro\/wp-json\/wp\/v2\/users\/8"}],"replies":[{"embeddable":true,"href":"https:\/\/www.colef.mx\/elmuro\/wp-json\/wp\/v2\/comments?post=10558"}],"version-history":[{"count":0,"href":"https:\/\/www.colef.mx\/elmuro\/wp-json\/wp\/v2\/posts\/10558\/revisions"}],"wp:attachment":[{"href":"https:\/\/www.colef.mx\/elmuro\/wp-json\/wp\/v2\/media?parent=10558"}],"wp:term":[{"taxonomy":"category","embeddable":true,"href":"https:\/\/www.colef.mx\/elmuro\/wp-json\/wp\/v2\/categories?post=10558"},{"taxonomy":"post_tag","embeddable":true,"href":"https:\/\/www.colef.mx\/elmuro\/wp-json\/wp\/v2\/tags?post=10558"}],"curies":[{"name":"wp","href":"https:\/\/api.w.org\/{rel}","templated":true}]}}