{"id":10346,"date":"2012-12-04T11:43:10","date_gmt":"2012-12-04T18:43:10","guid":{"rendered":"http:\/\/www.colef.net\/elmuro\/?p=10346"},"modified":"2012-12-04T11:43:10","modified_gmt":"2012-12-04T18:43:10","slug":"cisan-convocatoria-concurso-para-premiar-a-las-mejores-tesis-sobre-an","status":"publish","type":"post","link":"https:\/\/www.colef.mx\/elmuro\/cisan-convocatoria-concurso-para-premiar-a-las-mejores-tesis-sobre-an\/","title":{"rendered":"CISAN: Convocatoria \u00abConcurso para premiar a las mejores tesis sobre AN\u00bb"},"content":{"rendered":"<p>&nbsp;<\/p>\n<p>Les informamos que la s\u00e9ptima convocatoria del Concurso para premiar las mejores tesis sobre Am\u00e9rica del Norte en los niveles de licenciatura, maestr\u00eda y doctorado, cerrar\u00e1 el pr\u00f3ximo viernes 25 de enero de 2013, por lo que agradeceremos su apoyo para difundirla entre sus colegas y alumnos a quienes pueda interesarles participar.<\/p>\n<p>&nbsp;<\/p>\n<p>Se adjunta convocatoria<\/p>\n<p>&nbsp;<\/p>\n<p><span style=\"color: #215868; font-family: Baskerville Old Face; font-size: medium;\">\u00a0<\/span><a href=\"http:\/\/www.colef.net\/elmuro\/..\/media_elmuro\/2012\/12\/New-Image.jpg\"><img loading=\"lazy\" decoding=\"async\" class=\"alignnone  wp-image-10347\" title=\"New Image\" src=\"http:\/\/www.colef.net\/elmuro\/..\/media_elmuro\/2012\/12\/New-Image.jpg\" alt=\"\" width=\"435\" height=\"580\" \/><\/a><\/p>\n","protected":false},"excerpt":{"rendered":"<p>&nbsp; Les informamos que la s\u00e9ptima convocatoria del Concurso para premiar las mejores tesis sobre Am\u00e9rica del Norte en los niveles de licenciatura, maestr\u00eda y doctorado, cerrar\u00e1 el pr\u00f3ximo viernes 25 de enero de 2013, por lo que agradeceremos su apoyo para difundirla entre sus colegas y alumnos a quienes pueda interesarles participar. &nbsp; Se [&hellip;]<\/p>\n","protected":false},"author":8,"featured_media":0,"comment_status":"closed","ping_status":"closed","sticky":false,"template":"","format":"standard","meta":{"_acf_changed":false,"footnotes":""},"categories":[1,64],"tags":[],"class_list":["post-10346","post","type-post","status-publish","format-standard","hentry","category-avisosyconvocatorias","category-convocatorias-nacionales"],"acf":[],"_links":{"self":[{"href":"https:\/\/www.colef.mx\/elmuro\/wp-json\/wp\/v2\/posts\/10346"}],"collection":[{"href":"https:\/\/www.colef.mx\/elmuro\/wp-json\/wp\/v2\/posts"}],"about":[{"href":"https:\/\/www.colef.mx\/elmuro\/wp-json\/wp\/v2\/types\/post"}],"author":[{"embeddable":true,"href":"https:\/\/www.colef.mx\/elmuro\/wp-json\/wp\/v2\/users\/8"}],"replies":[{"embeddable":true,"href":"https:\/\/www.colef.mx\/elmuro\/wp-json\/wp\/v2\/comments?post=10346"}],"version-history":[{"count":0,"href":"https:\/\/www.colef.mx\/elmuro\/wp-json\/wp\/v2\/posts\/10346\/revisions"}],"wp:attachment":[{"href":"https:\/\/www.colef.mx\/elmuro\/wp-json\/wp\/v2\/media?parent=10346"}],"wp:term":[{"taxonomy":"category","embeddable":true,"href":"https:\/\/www.colef.mx\/elmuro\/wp-json\/wp\/v2\/categories?post=10346"},{"taxonomy":"post_tag","embeddable":true,"href":"https:\/\/www.colef.mx\/elmuro\/wp-json\/wp\/v2\/tags?post=10346"}],"curies":[{"name":"wp","href":"https:\/\/api.w.org\/{rel}","templated":true}]}}