{"id":10201,"date":"2012-10-30T16:05:36","date_gmt":"2012-10-30T23:05:36","guid":{"rendered":"http:\/\/www.colef.net\/elmuro\/?p=10201"},"modified":"2012-10-30T16:05:36","modified_gmt":"2012-10-30T23:05:36","slug":"colmex-difusion-octubre-24","status":"publish","type":"post","link":"https:\/\/www.colef.mx\/elmuro\/colmex-difusion-octubre-24\/","title":{"rendered":"Colmex &#8211; Difusi\u00f3n -octubre 24"},"content":{"rendered":"<table border=\"0\" cellspacing=\"0\" cellpadding=\"0\">\n<tbody>\n<tr>\n<td valign=\"top\" width=\"651\">\n<table border=\"0\" cellspacing=\"0\" cellpadding=\"0\">\n<tbody>\n<tr>\n<td valign=\"top\" width=\"526\">\n<table border=\"0\" cellspacing=\"0\" cellpadding=\"0\" align=\"left\">\n<tbody>\n<tr>\n<td valign=\"top\" width=\"530\">\n<p align=\"center\">Los invitamos a ver el video de la conferencia magistral<\/p>\n<p align=\"center\">Impartida por el doctor<\/p>\n<p align=\"center\"><strong>Pablo Gonz\u00e1lez Casanova<\/strong><\/p>\n<p align=\"center\">\n<p align=\"center\">Con motivo de la entrega del<\/p>\n<p align=\"center\"><em>Premio Daniel Cos\u00edo Villegas \u2013 2012<\/em><\/p>\n<p align=\"center\"><em>\u00a0<\/em><\/p>\n<p align=\"center\"><strong>Celebrado el d\u00eda de ayer<\/strong><strong> <\/strong><strong>23 de octubre, en esta instituci\u00f3n.<\/strong><\/p>\n<p align=\"center\">\n<p align=\"center\">Link.\u00da <strong>\u00a0<a title=\"http:\/\/www.colmex.mx\/videotech\/2012\/Casanova\/index1.html\" href=\"http:\/\/www.colmex.mx\/videotech\/2012\/Casanova\/index1.html\" target=\"_blank\">http:\/\/www.colmex.mx\/videotech\/2012\/Casanova\/index1.html<\/a><\/strong><\/p>\n<p align=\"center\">\n<\/td>\n<\/tr>\n<\/tbody>\n<\/table>\n<\/td>\n<\/tr>\n<\/tbody>\n<\/table>\n<p>&nbsp;<\/p>\n<p>&nbsp;<\/td>\n<td width=\"2\">&nbsp;<\/td>\n<\/tr>\n<tr>\n<td colspan=\"2\" valign=\"top\" width=\"653\">\n<p align=\"center\">Para ver todas las actividades ingresa a\u00a0 <strong><a title=\"http:\/\/difusion.colmex.mx\" href=\"http:\/\/difusion.colmex.mx\" target=\"_blank\">http:\/\/difusion.colmex.mx<\/a><\/strong><\/p>\n<\/td>\n<\/tr>\n<\/tbody>\n<\/table>\n","protected":false},"excerpt":{"rendered":"<p>Los invitamos a ver el video de la conferencia magistral Impartida por el doctor Pablo Gonz\u00e1lez Casanova Con motivo de la entrega del Premio Daniel Cos\u00edo Villegas \u2013 2012 \u00a0 Celebrado el d\u00eda de ayer 23 de octubre, en esta instituci\u00f3n. Link.\u00da \u00a0http:\/\/www.colmex.mx\/videotech\/2012\/Casanova\/index1.html &nbsp; &nbsp; &nbsp; Para ver todas las actividades ingresa a\u00a0 http:\/\/difusion.colmex.mx<\/p>\n","protected":false},"author":8,"featured_media":0,"comment_status":"closed","ping_status":"closed","sticky":false,"template":"","format":"standard","meta":{"_acf_changed":false,"footnotes":""},"categories":[1,24],"tags":[],"class_list":["post-10201","post","type-post","status-publish","format-standard","hentry","category-avisosyconvocatorias","category-boletines-de-difusion"],"acf":[],"_links":{"self":[{"href":"https:\/\/www.colef.mx\/elmuro\/wp-json\/wp\/v2\/posts\/10201"}],"collection":[{"href":"https:\/\/www.colef.mx\/elmuro\/wp-json\/wp\/v2\/posts"}],"about":[{"href":"https:\/\/www.colef.mx\/elmuro\/wp-json\/wp\/v2\/types\/post"}],"author":[{"embeddable":true,"href":"https:\/\/www.colef.mx\/elmuro\/wp-json\/wp\/v2\/users\/8"}],"replies":[{"embeddable":true,"href":"https:\/\/www.colef.mx\/elmuro\/wp-json\/wp\/v2\/comments?post=10201"}],"version-history":[{"count":0,"href":"https:\/\/www.colef.mx\/elmuro\/wp-json\/wp\/v2\/posts\/10201\/revisions"}],"wp:attachment":[{"href":"https:\/\/www.colef.mx\/elmuro\/wp-json\/wp\/v2\/media?parent=10201"}],"wp:term":[{"taxonomy":"category","embeddable":true,"href":"https:\/\/www.colef.mx\/elmuro\/wp-json\/wp\/v2\/categories?post=10201"},{"taxonomy":"post_tag","embeddable":true,"href":"https:\/\/www.colef.mx\/elmuro\/wp-json\/wp\/v2\/tags?post=10201"}],"curies":[{"name":"wp","href":"https:\/\/api.w.org\/{rel}","templated":true}]}}