{"id":950,"date":"2015-11-12T11:43:10","date_gmt":"2015-11-12T19:43:10","guid":{"rendered":"http:\/\/www.colef.mx\/deap\/?p=950"},"modified":"2016-01-15T10:22:57","modified_gmt":"2016-01-15T18:22:57","slug":"presentacion-del-libro-crisis-y-redisenos-del-capitalismo-en-el-siglo-xxi","status":"publish","type":"post","link":"https:\/\/www.colef.mx\/deap\/?p=950","title":{"rendered":"(NOV 2015) PRESENTACI\u00d3N DEL LIBRO CRISIS Y REDISE\u00d1OS DEL CAPITALISMO EN EL SIGLO XXI"},"content":{"rendered":"<p style=\"text-align: justify;\">El Colegio de la Frontera Norte invita a la presentaci\u00f3n del libro <strong>Crisis y redise\u00f1os del capitalismo en el siglo XXI<\/strong>, con la presencia del <strong>Dr. Clemente Ruiz Dur\u00e1n<\/strong>,\u00a0Coordinador del Programa de Posgrado en Econom\u00eda de la Universidad Nacional Aut\u00f3noma de M\u00e9xico y autor de la publicaci\u00f3n. En este evento, participan como comentaristas el Dr. Marcos Reyes, del Departamento de Estudios de Administraci\u00f3n P\u00fablica de El Colef, y el Dr. Wilfrido Ruiz, del Departamento de Estudios Econ\u00f3micos de El Colef; modera la Dra. S\u00e1rah Eva Mart\u00ednez, del Departamento de Estudios de Administraci\u00f3n P\u00fablica de El Colef.<\/p>\n<p style=\"text-align: justify;\"><a href=\"https:\/\/www.youtube.com\/watch?v=dXLL_xBL56M\" target=\"_blank\">VER VIDEO<\/a><\/p>\n<p><a href=\"http:\/\/www.colef.mx\/deap\/wp-content\/uploads\/2015\/11\/poster-present-libro-12nov15.jpg\"><img loading=\"lazy\" decoding=\"async\" class=\"aligncenter wp-image-951 size-large\" src=\"http:\/\/www.colef.mx\/deap\/wp-content\/uploads\/2015\/11\/poster-present-libro-12nov15-663x1024.jpg\" alt=\"poster present libro-12nov15\" width=\"640\" height=\"988\" \/><\/a><\/p>\n","protected":false},"excerpt":{"rendered":"<p>El Colegio de la Frontera Norte invita a la presentaci\u00f3n del libro Crisis y redise\u00f1os del capitalismo en el siglo XXI, con la presencia del Dr. Clemente Ruiz Dur\u00e1n,\u00a0Coordinador del Programa de Posgrado en Econom\u00eda de la Universidad Nacional Aut\u00f3noma de M\u00e9xico y autor de la publicaci\u00f3n. En este evento, participan como comentaristas el Dr. [&hellip;]<\/p>\n","protected":false},"author":1,"featured_media":0,"comment_status":"closed","ping_status":"open","sticky":false,"template":"","format":"standard","meta":{"footnotes":""},"categories":[14],"tags":[],"class_list":["post-950","post","type-post","status-publish","format-standard","hentry","category-anteriores"],"_links":{"self":[{"href":"https:\/\/www.colef.mx\/deap\/index.php?rest_route=\/wp\/v2\/posts\/950","targetHints":{"allow":["GET"]}}],"collection":[{"href":"https:\/\/www.colef.mx\/deap\/index.php?rest_route=\/wp\/v2\/posts"}],"about":[{"href":"https:\/\/www.colef.mx\/deap\/index.php?rest_route=\/wp\/v2\/types\/post"}],"author":[{"embeddable":true,"href":"https:\/\/www.colef.mx\/deap\/index.php?rest_route=\/wp\/v2\/users\/1"}],"replies":[{"embeddable":true,"href":"https:\/\/www.colef.mx\/deap\/index.php?rest_route=%2Fwp%2Fv2%2Fcomments&post=950"}],"version-history":[{"count":3,"href":"https:\/\/www.colef.mx\/deap\/index.php?rest_route=\/wp\/v2\/posts\/950\/revisions"}],"predecessor-version":[{"id":999,"href":"https:\/\/www.colef.mx\/deap\/index.php?rest_route=\/wp\/v2\/posts\/950\/revisions\/999"}],"wp:attachment":[{"href":"https:\/\/www.colef.mx\/deap\/index.php?rest_route=%2Fwp%2Fv2%2Fmedia&parent=950"}],"wp:term":[{"taxonomy":"category","embeddable":true,"href":"https:\/\/www.colef.mx\/deap\/index.php?rest_route=%2Fwp%2Fv2%2Fcategories&post=950"},{"taxonomy":"post_tag","embeddable":true,"href":"https:\/\/www.colef.mx\/deap\/index.php?rest_route=%2Fwp%2Fv2%2Ftags&post=950"}],"curies":[{"name":"wp","href":"https:\/\/api.w.org\/{rel}","templated":true}]}}