{"id":940,"date":"2015-09-25T11:43:34","date_gmt":"2015-09-25T18:43:34","guid":{"rendered":"http:\/\/www.colef.mx\/deap\/?p=940"},"modified":"2015-10-07T13:04:48","modified_gmt":"2015-10-07T20:04:48","slug":"laboratorio-de-analisis-de-politicas-publicas-lapp-implementacion-de-politicas-publicas-de-transparencia-en-gobiernos-sub-nacionales-analisis-de-caso-desde-las-unidades-de-enlace-en-coahui","status":"publish","type":"post","link":"https:\/\/www.colef.mx\/deap\/?p=940","title":{"rendered":"(SEP-2015 ) LABORATORIO DE AN\u00c1LISIS DE POL\u00cdTICAS P\u00daBLICAS (LAPP) \u201cIMPLEMENTACI\u00d3N DE POL\u00cdTICAS P\u00daBLICAS DE TRANSPARENCIA EN GOBIERNOS SUB NACIONALES. AN\u00c1LISIS DE CASO DESDE LAS UNIDADES DE ENLACE EN COAHUILA, M\u00c9XICO\u201d."},"content":{"rendered":"<p style=\"text-align: justify;\">El Departamento de Administraci\u00f3n P\u00fablica del COLEF les invita cordialmente a la primer sesi\u00f3n del <strong>Laboratorio de An\u00e1lisis de Pol\u00edticas P\u00fablicas (LAPP)<\/strong>, con una presentaci\u00f3n a cargo del Dr. Jes\u00fas Rubio Campos titulada \u201c<strong>Implementaci\u00f3n de pol\u00edticas p\u00fablicas de transparencia en gobiernos sub nacionales. An\u00e1lisis de caso desde las unidades de enlace en Coahuila, M\u00e9xico<\/strong>\u201d,\u00a0derivada de un escrito en coautora con el Dr. V\u00edctor S. Pe\u00f1a Mancillas, de El Colegio de Sonora.<\/p>\n<p style=\"text-align: justify;\">Mi\u00e9rcoles 30 de septiembre a las 9:30 am tiempo de Tijuana (11:30 am hora del centro).<\/p>\n<p style=\"text-align: justify;\">El objetivo del LAPP es ser un espacio para la generaci\u00f3n de investigaci\u00f3n, formaci\u00f3n de recursos humanos, docencia y vinculaci\u00f3n en materia de an\u00e1lisis de pol\u00edticas p\u00fablicas. La mec\u00e1nica de participaci\u00f3n en una primera instancia ser\u00e1 por medio de exposiciones cada 6 semanas, a fin de compartir nuestras investigaciones terminadas y en proceso para retroalimentarlas, as\u00ed como analizar diversos trabajos te\u00f3ricos que est\u00e1n marcando tendencia en el tema del an\u00e1lisis de pol\u00edticas p\u00fablicas.<\/p>\n<p style=\"text-align: justify;\"><a href=\"https:\/\/youtu.be\/zAUu5X7CnYk\" target=\"_blank\">VER VIDEO<\/a><\/p>\n<p><a href=\"http:\/\/www.colef.mx\/deap\/wp-content\/uploads\/2015\/09\/lab-analisis-politicas-30sept151.jpg\"><img loading=\"lazy\" decoding=\"async\" class=\"aligncenter wp-image-941\" src=\"http:\/\/www.colef.mx\/deap\/wp-content\/uploads\/2015\/09\/lab-analisis-politicas-30sept151-1024x662.jpg\" alt=\"lab analisis politicas-30sept151\" width=\"829\" height=\"536\" \/><\/a><\/p>\n","protected":false},"excerpt":{"rendered":"<p>El Departamento de Administraci\u00f3n P\u00fablica del COLEF les invita cordialmente a la primer sesi\u00f3n del Laboratorio de An\u00e1lisis de Pol\u00edticas P\u00fablicas (LAPP), con una presentaci\u00f3n a cargo del Dr. Jes\u00fas Rubio Campos titulada \u201cImplementaci\u00f3n de pol\u00edticas p\u00fablicas de transparencia en gobiernos sub nacionales. An\u00e1lisis de caso desde las unidades de enlace en Coahuila, M\u00e9xico\u201d,\u00a0derivada de [&hellip;]<\/p>\n","protected":false},"author":1,"featured_media":0,"comment_status":"closed","ping_status":"open","sticky":false,"template":"","format":"standard","meta":{"footnotes":""},"categories":[14],"tags":[],"class_list":["post-940","post","type-post","status-publish","format-standard","hentry","category-anteriores"],"_links":{"self":[{"href":"https:\/\/www.colef.mx\/deap\/index.php?rest_route=\/wp\/v2\/posts\/940","targetHints":{"allow":["GET"]}}],"collection":[{"href":"https:\/\/www.colef.mx\/deap\/index.php?rest_route=\/wp\/v2\/posts"}],"about":[{"href":"https:\/\/www.colef.mx\/deap\/index.php?rest_route=\/wp\/v2\/types\/post"}],"author":[{"embeddable":true,"href":"https:\/\/www.colef.mx\/deap\/index.php?rest_route=\/wp\/v2\/users\/1"}],"replies":[{"embeddable":true,"href":"https:\/\/www.colef.mx\/deap\/index.php?rest_route=%2Fwp%2Fv2%2Fcomments&post=940"}],"version-history":[{"count":6,"href":"https:\/\/www.colef.mx\/deap\/index.php?rest_route=\/wp\/v2\/posts\/940\/revisions"}],"predecessor-version":[{"id":947,"href":"https:\/\/www.colef.mx\/deap\/index.php?rest_route=\/wp\/v2\/posts\/940\/revisions\/947"}],"wp:attachment":[{"href":"https:\/\/www.colef.mx\/deap\/index.php?rest_route=%2Fwp%2Fv2%2Fmedia&parent=940"}],"wp:term":[{"taxonomy":"category","embeddable":true,"href":"https:\/\/www.colef.mx\/deap\/index.php?rest_route=%2Fwp%2Fv2%2Fcategories&post=940"},{"taxonomy":"post_tag","embeddable":true,"href":"https:\/\/www.colef.mx\/deap\/index.php?rest_route=%2Fwp%2Fv2%2Ftags&post=940"}],"curies":[{"name":"wp","href":"https:\/\/api.w.org\/{rel}","templated":true}]}}