{"id":1559,"date":"2024-09-08T11:57:00","date_gmt":"2024-09-08T18:57:00","guid":{"rendered":"https:\/\/www.colef.mx\/deap\/?p=1559"},"modified":"2024-10-03T11:43:25","modified_gmt":"2024-10-03T18:43:25","slug":"conferencia-magistral-la-pobreza-en-baja-california-2018-2022","status":"publish","type":"post","link":"https:\/\/www.colef.mx\/deap\/?p=1559","title":{"rendered":"(SEP 2024) XXII SEMINARIO NACIONAL DE POL\u00cdTICA SOCIAL. La pol\u00edtica social del gobierno de la cuarta transformaci\u00f3n: Balance de un sexenio y perspectivas de futuro"},"content":{"rendered":"\n<p><\/p>\n\n\n\n<p><a href=\"https:\/\/www.youtube.com\/watch?v=4Q_YnCx_oHc\" target=\"_blank\" rel=\"noreferrer noopener\"><strong>Ver evento 05 de septiembre<\/strong><\/a><\/p>\n\n\n\n<p><a href=\"https:\/\/www.youtube.com\/watch?v=jGsziRHHGMo\" target=\"_blank\" rel=\"noreferrer noopener\"><strong>Ver evento 06 de septiembre<\/strong><\/a><\/p>\n\n\n\n<figure class=\"wp-block-image size-large\"><a href=\"https:\/\/www.colef.mx\/deap\/wp-content\/uploads\/2023\/11\/Programa-xxii-sem-nacional-de-poli\u0301tica-social-5-6sept24-final-web.png\"><img loading=\"lazy\" decoding=\"async\" width=\"313\" height=\"1024\" src=\"https:\/\/www.colef.mx\/deap\/wp-content\/uploads\/2023\/11\/Programa-xxii-sem-nacional-de-poli\u0301tica-social-5-6sept24-final-web-313x1024.png\" alt=\"\" class=\"wp-image-1620\" srcset=\"https:\/\/www.colef.mx\/deap\/wp-content\/uploads\/2023\/11\/Programa-xxii-sem-nacional-de-poli\u0301tica-social-5-6sept24-final-web-313x1024.png 313w, https:\/\/www.colef.mx\/deap\/wp-content\/uploads\/2023\/11\/Programa-xxii-sem-nacional-de-poli\u0301tica-social-5-6sept24-final-web-92x300.png 92w, https:\/\/www.colef.mx\/deap\/wp-content\/uploads\/2023\/11\/Programa-xxii-sem-nacional-de-poli\u0301tica-social-5-6sept24-final-web-768x2513.png 768w, https:\/\/www.colef.mx\/deap\/wp-content\/uploads\/2023\/11\/Programa-xxii-sem-nacional-de-poli\u0301tica-social-5-6sept24-final-web-469x1536.png 469w, https:\/\/www.colef.mx\/deap\/wp-content\/uploads\/2023\/11\/Programa-xxii-sem-nacional-de-poli\u0301tica-social-5-6sept24-final-web-626x2048.png 626w\" sizes=\"auto, (max-width: 313px) 100vw, 313px\" \/><\/a><\/figure>\n\n\n\n<p><\/p>\n\n\n\n<p><\/p>\n\n\n<p><strong>\u00a0<\/strong><\/p>","protected":false},"excerpt":{"rendered":"<p>Ver evento 05 de septiembre Ver evento 06 de septiembre \u00a0<\/p>\n","protected":false},"author":1,"featured_media":0,"comment_status":"closed","ping_status":"open","sticky":false,"template":"","format":"standard","meta":{"footnotes":""},"categories":[14],"tags":[],"class_list":["post-1559","post","type-post","status-publish","format-standard","hentry","category-anteriores"],"_links":{"self":[{"href":"https:\/\/www.colef.mx\/deap\/index.php?rest_route=\/wp\/v2\/posts\/1559","targetHints":{"allow":["GET"]}}],"collection":[{"href":"https:\/\/www.colef.mx\/deap\/index.php?rest_route=\/wp\/v2\/posts"}],"about":[{"href":"https:\/\/www.colef.mx\/deap\/index.php?rest_route=\/wp\/v2\/types\/post"}],"author":[{"embeddable":true,"href":"https:\/\/www.colef.mx\/deap\/index.php?rest_route=\/wp\/v2\/users\/1"}],"replies":[{"embeddable":true,"href":"https:\/\/www.colef.mx\/deap\/index.php?rest_route=%2Fwp%2Fv2%2Fcomments&post=1559"}],"version-history":[{"count":6,"href":"https:\/\/www.colef.mx\/deap\/index.php?rest_route=\/wp\/v2\/posts\/1559\/revisions"}],"predecessor-version":[{"id":1634,"href":"https:\/\/www.colef.mx\/deap\/index.php?rest_route=\/wp\/v2\/posts\/1559\/revisions\/1634"}],"wp:attachment":[{"href":"https:\/\/www.colef.mx\/deap\/index.php?rest_route=%2Fwp%2Fv2%2Fmedia&parent=1559"}],"wp:term":[{"taxonomy":"category","embeddable":true,"href":"https:\/\/www.colef.mx\/deap\/index.php?rest_route=%2Fwp%2Fv2%2Fcategories&post=1559"},{"taxonomy":"post_tag","embeddable":true,"href":"https:\/\/www.colef.mx\/deap\/index.php?rest_route=%2Fwp%2Fv2%2Ftags&post=1559"}],"curies":[{"name":"wp","href":"https:\/\/api.w.org\/{rel}","templated":true}]}}