{"id":1056,"date":"2016-08-23T13:28:41","date_gmt":"2016-08-23T20:28:41","guid":{"rendered":"https:\/\/www.colef.mx\/deap\/?p=1056"},"modified":"2016-08-23T13:29:19","modified_gmt":"2016-08-23T20:29:19","slug":"jun-2016-un-ambiente-para-todos-construccion-de-gobernanza-en-el-noroeste-y-frontera-norte-de-mexico","status":"publish","type":"post","link":"https:\/\/www.colef.mx\/deap\/?p=1056","title":{"rendered":"(JUN-2016) UN AMBIENTE PARA TODOS: CONSTRUCCI\u00d3N DE GOBERNANZA EN EL NOROESTE Y FRONTERA NORTE DE M\u00c9XICO"},"content":{"rendered":"<p>Lunes 13 y Martes 14 de junio de 2016<\/p>\n<p>El Colegio de la Frontera Norte, Fundar, el Centro de An\u00e1lisis e Investigaci\u00f3n A.C., ALCOSTA, Alianza para la Sustentabilidad del Noroeste Costero A.C. y el Centro de Colaboraci\u00f3n C\u00edvica, compartimos el inter\u00e9s de colaborar en la implementaci\u00f3n de la transparencia y la rendici\u00f3n de cuentas como pr\u00e1cticas \u201cproactivas\u201d dentro de las instituciones de gobierno, en el fortalecimiento de pol\u00edtica p\u00fablica y, en el acceso efectivo a la informaci\u00f3n, pues son ejes fundamentales para el desarrollo de la democracia, y en particular para el tema que nos ocupa: la gobernanza ambiental.<\/p>\n<p>Por ello, impulsamos la organizaci\u00f3n del foro regional \u201cUn ambiente para todos: construcci\u00f3n de gobernanza en el Noroeste y la Frontera Norte de M\u00e9xico\u201d, que tiene como objetivo identificar los problemas, las necesidades y las oportunidades que presenta la construcci\u00f3n de la gobernanza en la gesti\u00f3n ambiental, enfatizando la importancia de la transparencia y la rendici\u00f3n de cuentas.<\/p>\n<p>OBJETIVO DEL FORO REGIONAL:<br \/>\nEl Foro \u201cUn ambiente para todos: construcci\u00f3n de gobernanza en el Noroeste y la Frontera Norte de M\u00e9xico\u201d pretende abrir espacios de di\u00e1logo gobierno\u2013sociedad, a trav\u00e9s de p\u00e1neles de discusi\u00f3n y b\u00fasqueda de acuerdos entre los diversos actores interesados en la protecci\u00f3n del ambiente. Con este prop\u00f3sito se presentar\u00e1n conferencias y se realizar\u00e1n mesas de debate que promover\u00e1n la reflexi\u00f3n, el an\u00e1lisis y la construcci\u00f3n de propuestas para el fortalecimiento de la pol\u00edtica y gobernanza en la gesti\u00f3n ambiental.<\/p>\n<p>El foro ser\u00e1 un espacio plural y abierto donde discutiremos los vac\u00edos y oportunidades de la transparencia en las acciones para la protecci\u00f3n y la gesti\u00f3n ambiental que desarrollan los tres \u00f3rdenes de gobierno; los retos del acceso a la informaci\u00f3n ambiental; la participaci\u00f3n social y los procesos de la pol\u00edtica p\u00fablica en materia ambiental. Con base en estos temas se definir\u00e1n las prioridades para la regi\u00f3n, que se plasmar\u00e1n en acuerdos consensados entre miembros de la sociedad civil, la academia y las instituciones gubernamentales.<\/p>\n<p>Con este prop\u00f3sito se invitar\u00e1 a representantes de diversos sectores de los poderes ejecutivo y legislativo de los cinco estados de la regi\u00f3n del noroeste Baja California, Baja California Sur, Sonora, Sinaloa, y Nayarit, as\u00ed como a expertos en la materia, organizaciones civiles, acad\u00e9micos,<br \/>\nrepresentantes de comunidades y tomadores de decisi\u00f3n.<\/p>\n<p>Este foro regional adem\u00e1s, ser\u00e1 el escenario id\u00f3neo para la presentaci\u00f3n -al p\u00fablico y a medios de comunicaci\u00f3n- de la plataforma digital \u201cNOROESTE EN LA MIRA\u201d GOBERNANZA Y PROTECCI\u00d3N AMBIENTAL cuyos objetivos son la publicaci\u00f3n y host de contenidos (investigaci\u00f3n y an\u00e1lisis) con informaci\u00f3n relevante relacionada con acciones y estrategias p\u00fablicas para la protecci\u00f3n de ecosistemas (mar\u00edtimos y terrestres) y la gesti\u00f3n del territorio en la regi\u00f3n noroeste, desde un enfoque que considera la transparencia y la rendici\u00f3n de cuentas.<\/p>\n<p>Esta herramienta, dirigida a especialistas, organizaciones la sociedad civil, tomadores de decisi\u00f3n y al p\u00fablico interesado, pretende contribuir al an\u00e1lisis de la pol\u00edtica ambiental y al fomento de la participaci\u00f3n ciudadana (a trav\u00e9s de la difusi\u00f3n de informaci\u00f3n \u00fatil), en suma, a la construcci\u00f3n de la gobernanza ambiental efectiva para la sustentabilidad del Noroeste de M\u00e9xico.<\/p>\n<p><a href=\"https:\/\/www.youtube.com\/watch?list=PL6MJBd6DK54FUdyoYm_71NhveYWbpgVMH&amp;v=tZ1BTWBByTY\" target=\"_blank\">VER VIDEO<\/a><\/p>\n<p><a href=\"https:\/\/www.colef.mx\/deap\/?attachment_id=1057\" rel=\"attachment wp-att-1057\"><img loading=\"lazy\" decoding=\"async\" class=\"aligncenter size-full wp-image-1057\" src=\"https:\/\/www.colef.mx\/deap\/wp-content\/uploads\/2016\/08\/2016Junio13-14-un-ambiente-para-todos-1.jpg\" alt=\"2016Junio13-14-un-ambiente-para-todos-1\" width=\"527\" height=\"800\" \/><\/a><\/p>\n<p>&nbsp;<\/p>\n","protected":false},"excerpt":{"rendered":"<p>Lunes 13 y Martes 14 de junio de 2016 El Colegio de la Frontera Norte, Fundar, el Centro de An\u00e1lisis e Investigaci\u00f3n A.C., ALCOSTA, Alianza para la Sustentabilidad del Noroeste Costero A.C. y el Centro de Colaboraci\u00f3n C\u00edvica, compartimos el inter\u00e9s de colaborar en la implementaci\u00f3n de la transparencia y la rendici\u00f3n de cuentas como [&hellip;]<\/p>\n","protected":false},"author":1,"featured_media":0,"comment_status":"closed","ping_status":"open","sticky":false,"template":"","format":"standard","meta":{"footnotes":""},"categories":[14],"tags":[],"class_list":["post-1056","post","type-post","status-publish","format-standard","hentry","category-anteriores"],"_links":{"self":[{"href":"https:\/\/www.colef.mx\/deap\/index.php?rest_route=\/wp\/v2\/posts\/1056","targetHints":{"allow":["GET"]}}],"collection":[{"href":"https:\/\/www.colef.mx\/deap\/index.php?rest_route=\/wp\/v2\/posts"}],"about":[{"href":"https:\/\/www.colef.mx\/deap\/index.php?rest_route=\/wp\/v2\/types\/post"}],"author":[{"embeddable":true,"href":"https:\/\/www.colef.mx\/deap\/index.php?rest_route=\/wp\/v2\/users\/1"}],"replies":[{"embeddable":true,"href":"https:\/\/www.colef.mx\/deap\/index.php?rest_route=%2Fwp%2Fv2%2Fcomments&post=1056"}],"version-history":[{"count":2,"href":"https:\/\/www.colef.mx\/deap\/index.php?rest_route=\/wp\/v2\/posts\/1056\/revisions"}],"predecessor-version":[{"id":1059,"href":"https:\/\/www.colef.mx\/deap\/index.php?rest_route=\/wp\/v2\/posts\/1056\/revisions\/1059"}],"wp:attachment":[{"href":"https:\/\/www.colef.mx\/deap\/index.php?rest_route=%2Fwp%2Fv2%2Fmedia&parent=1056"}],"wp:term":[{"taxonomy":"category","embeddable":true,"href":"https:\/\/www.colef.mx\/deap\/index.php?rest_route=%2Fwp%2Fv2%2Fcategories&post=1056"},{"taxonomy":"post_tag","embeddable":true,"href":"https:\/\/www.colef.mx\/deap\/index.php?rest_route=%2Fwp%2Fv2%2Ftags&post=1056"}],"curies":[{"name":"wp","href":"https:\/\/api.w.org\/{rel}","templated":true}]}}